{"id":13154,"date":"2025-06-21T04:04:31","date_gmt":"2025-06-21T04:04:31","guid":{"rendered":"https:\/\/infozamoraec.com\/?p=13154"},"modified":"2025-06-21T04:04:31","modified_gmt":"2025-06-21T04:04:31","slug":"cal-admite-queja-contra-mireya-pazmino","status":"publish","type":"post","link":"https:\/\/infozamoraec.com\/index.php\/2025\/06\/21\/cal-admite-queja-contra-mireya-pazmino\/","title":{"rendered":"CAL admite queja contra Mireya Pazmi\u00f1o"},"content":{"rendered":"<p>El\u00a0<strong><a title=\"\" href=\"https:\/\/www.larepublica.ec\/blog\/2025\/06\/20\/reforma-electoral-se-traba-por-abstencion-del-correismo-y-adn\/\" target=\"_blank\" rel=\"noopener\">Consejo de Administraci\u00f3n Legislativa (CAL)<\/a><\/strong>\u00a0de la Asamblea Nacional, en Quito, admiti\u00f3 a tr\u00e1mite este viernes, 20 de junio, una queja presentada el pasado, 16 del presente mes, por el parlamentario oficialista,\u00a0<strong><a title=\"\" href=\"https:\/\/www.larepublica.ec\/blog\/2025\/06\/20\/reforma-electoral-se-traba-por-abstencion-del-correismo-y-adn\/\" target=\"_blank\" rel=\"noopener\">Andr\u00e9s Castillo,<\/a><\/strong>\u00a0en contra de la asamble\u00edsta corre\u00edsta,\u00a0<strong><a title=\"\" href=\"https:\/\/www.larepublica.ec\/blog\/2025\/06\/20\/reforma-electoral-se-traba-por-abstencion-del-correismo-y-adn\/\" target=\"_blank\" rel=\"noopener\">Mireya Pazmi\u00f1o.<\/a><\/strong><\/p>\n<p>Cinco miembros del\u00a0<strong>CAL<\/strong>\u00a0consideraron que la denuncia cumpl\u00eda con los requisitos formales establecidos en el\u00a0<strong>Reglamento para la Sanci\u00f3n de Faltas Administrativas<\/strong>, por lo que fue aceptada.<\/p>\n<p>La queja se basa en declaraciones que, seg\u00fan\u00a0<strong>Castillo<\/strong>,\u00a0<strong>Pazmi\u00f1o\u00a0<\/strong>habr\u00eda realizado el anterior jueves, 12 de junio, fuera de la\u00a0<strong>Comisi\u00f3n de Seguridad Integral de la Asamblea Nacional,\u00a0<\/strong>en las que lo calific\u00f3 de\u00a0<strong>\u201cfascista\u201d.<\/strong><\/p>\n<div>\n<div>\n<div class=\"trv-player-container\">\n<div class=\"trv-wrapper\">\n<div id=\"br_video_player_477898f3567c321a0061c61070e2d0c1c223d532\" class=\"trvd_video_player trvdinstream\">\n<div class=\"media-player\">\n<div class=\"trv-video\">\n<div id=\"truvid_ima_container61410\" class=\"truvid_ima_container trv-ima-container-hidden\">\n<p><strong>Castillo<\/strong>\u00a0solicit\u00f3 que se inicie el proceso sancionador conforme al art\u00edculo 170, numeral 1, de la<strong>\u00a0Ley<\/strong>\u00a0<strong>Org\u00e1nica de la Funci\u00f3n Legislativa (LOFL),<\/strong>\u00a0que contempla la suspensi\u00f3n sin sueldo por un per\u00edodo de entre nueve y treinta d\u00edas, en casos de faltas administrativas graves.<\/p>\n<p>Se orden\u00f3 a la\u00a0<strong>Secretar\u00eda General\u00a0<\/strong>notificar a la asamble\u00edsta\u00a0<strong>Pazmi\u00f1o<\/strong>, quien deber\u00e1 presentar su descargo en un plazo m\u00e1ximo de tres d\u00edas.<\/p>\n<h2 class=\"wp-block-heading\">Auditor\u00eda a Progen Industries y Austral Technical Management<\/h2>\n<p>El\u00a0<strong>CAL<\/strong>\u00a0decidi\u00f3 que la\u00a0<strong>Comisi\u00f3n de Transparencia, Participaci\u00f3n Ciudadana y Control Social<\/strong>\u00a0ser\u00e1 la \u00fanica responsable de continuar con el proceso de fiscalizaci\u00f3n de los contratos firmados entre la Corporaci\u00f3n El\u00e9ctrica del Ecuador\u00a0<strong>(CELEC EP)\u00a0<\/strong>y las empresas\u00a0<strong>Progen Industries y Austral Technical Management.<\/strong><\/p>\n<p>Adicionalmente, se orden\u00f3 a la\u00a0<strong>Comisi\u00f3n de Garant\u00edas Constitucionales, Derechos Humanos, Derechos Colectivos y la Interculturalidad\u00a0<\/strong>no intervenir en este proceso, respetando las competencias exclusivas asignadas.<\/p>\n<p>Esta resoluci\u00f3n se basa en lo establecido en el art\u00edculo 26, numeral 3, de la\u00a0<strong>LOFL,\u00a0<\/strong>que estipula que cuando una comisi\u00f3n legislativa asuma el conocimiento de un proceso de fiscalizaci\u00f3n, ninguna otra comisi\u00f3n podr\u00e1 citar a funcionarios o autoridades sobre el mismo tema.<\/p>\n<\/div>\n<\/div>\n<\/div>\n<\/div>\n<\/div>\n<\/div>\n<\/div>\n<\/div>\n","protected":false},"excerpt":{"rendered":"<p>El\u00a0Consejo de Administraci\u00f3n Legislativa (CAL)\u00a0de la Asamblea Nacional, en Quito, admiti\u00f3 a tr\u00e1mite este viernes, 20 de junio, una queja presentada el pasado, 16 del presente mes, por el parlamentario oficialista,\u00a0Andr\u00e9s Castillo,\u00a0en contra de la asamble\u00edsta corre\u00edsta,\u00a0Mireya Pazmi\u00f1o. Cinco miembros del\u00a0CAL\u00a0consideraron que la denuncia cumpl\u00eda con los requisitos formales establecidos en el\u00a0Reglamento para la Sanci\u00f3n [&hellip;]<\/p>\n","protected":false},"author":1,"featured_media":13155,"comment_status":"open","ping_status":"open","sticky":false,"template":"","format":"standard","meta":{"footnotes":""},"categories":[12],"tags":[],"_links":{"self":[{"href":"https:\/\/infozamoraec.com\/index.php\/wp-json\/wp\/v2\/posts\/13154"}],"collection":[{"href":"https:\/\/infozamoraec.com\/index.php\/wp-json\/wp\/v2\/posts"}],"about":[{"href":"https:\/\/infozamoraec.com\/index.php\/wp-json\/wp\/v2\/types\/post"}],"author":[{"embeddable":true,"href":"https:\/\/infozamoraec.com\/index.php\/wp-json\/wp\/v2\/users\/1"}],"replies":[{"embeddable":true,"href":"https:\/\/infozamoraec.com\/index.php\/wp-json\/wp\/v2\/comments?post=13154"}],"version-history":[{"count":1,"href":"https:\/\/infozamoraec.com\/index.php\/wp-json\/wp\/v2\/posts\/13154\/revisions"}],"predecessor-version":[{"id":13156,"href":"https:\/\/infozamoraec.com\/index.php\/wp-json\/wp\/v2\/posts\/13154\/revisions\/13156"}],"wp:featuredmedia":[{"embeddable":true,"href":"https:\/\/infozamoraec.com\/index.php\/wp-json\/wp\/v2\/media\/13155"}],"wp:attachment":[{"href":"https:\/\/infozamoraec.com\/index.php\/wp-json\/wp\/v2\/media?parent=13154"}],"wp:term":[{"taxonomy":"category","embeddable":true,"href":"https:\/\/infozamoraec.com\/index.php\/wp-json\/wp\/v2\/categories?post=13154"},{"taxonomy":"post_tag","embeddable":true,"href":"https:\/\/infozamoraec.com\/index.php\/wp-json\/wp\/v2\/tags?post=13154"}],"curies":[{"name":"wp","href":"https:\/\/api.w.org\/{rel}","templated":true}]}}