{"id":13151,"date":"2025-06-21T04:01:44","date_gmt":"2025-06-21T04:01:44","guid":{"rendered":"https:\/\/infozamoraec.com\/?p=13151"},"modified":"2025-06-21T04:01:44","modified_gmt":"2025-06-21T04:01:44","slug":"tribunal-rechaza-excarcelar-a-militares-procesados-por-desaparicion-de-las-malvinas","status":"publish","type":"post","link":"https:\/\/infozamoraec.com\/index.php\/2025\/06\/21\/tribunal-rechaza-excarcelar-a-militares-procesados-por-desaparicion-de-las-malvinas\/","title":{"rendered":"Tribunal rechaza excarcelar a militares procesados por desaparici\u00f3n de Las Malvinas"},"content":{"rendered":"<p>Un tribunal de Ecuador rechaz\u00f3 este viernes el\u00a0<strong>recurso presentado por once de los diecisiete militares procesados por la desaparici\u00f3n forzada de cuatro menores afrodescendientes<\/strong>\u00a0en Guayaquil, para que fueran excarcelados en virtud de\u00a0<strong>una reciente ley que proh\u00edbe la prisi\u00f3n preventiva para polic\u00edas y militares en el marco del estado de \u00abconflicto armado interno\u00bb<\/strong> declarado contra el crimen organizado.<img decoding=\"async\" src=\"https:\/\/servedby.revive-adserver.net\/lg.php?bannerid=0&amp;campaignid=0&amp;zoneid=2931&amp;loc=https%3A%2F%2Fwww.larepublica.ec%2Fblog%2F2025%2F06%2F20%2Ftribunal-rechaza-excarcelar-a-militares-procesados-por-desaparicion-de-las-malvinas%2F&amp;referer=https%3A%2F%2Fwww.larepublica.ec%2F&amp;cb=d94ee374ea\" alt=\"\" width=\"0\" height=\"0\" \/><\/p>\n<p><strong>El fallo, apelado por la defensa de los militares, declar\u00f3 improcedente un recurso de habeas corpus para lograr la libertad de los once uniformados<\/strong>, al argumentar que estos esperaron a la entrada en vigencia de la denominada\u00a0<strong>Ley de Solidaridad Nacional<\/strong>\u00a0para activar el mecanismo constitucional,\u00a0<strong>sin haber agotado antes la v\u00eda ordinaria para revertir la prisi\u00f3n preventiva<\/strong>, seg\u00fan precis\u00f3 la jueza ponente.<\/p>\n<p>La magistrada de la Corte Provincial de Justicia de Cotopaxi determin\u00f3 que\u00a0<strong>la prisi\u00f3n preventiva dictada contra los militares no es arbitraria ni ilegal como sosten\u00edan sus abogados porque fue instaurada al cumplir la legislaci\u00f3n y reglamento vigente<\/strong>.<\/p>\n<p>La jueza tambi\u00e9n se\u00f1al\u00f3 que\u00a0<strong>debe ser un juez ordinario quien determine si los militares cumpl\u00edan o no con su \u00abdeber\u00bb en el momento en el que detuvieron irregularmente a los cuatro menores<\/strong>, que fueron golpeados, trasladados en dos veh\u00edculos sin identificaci\u00f3n militar y cuyos cuerpos fueron\u00a0<strong>hallados calcinados d\u00edas despu\u00e9s<\/strong>, pues durante la audiencia los procesados alegaron haber actuado en cumplimiento de su deber como miembros de Fuerzas Armadas bajo el estado \u00abconflicto armado interno\u00bb.<\/p>\n","protected":false},"excerpt":{"rendered":"<p>Un tribunal de Ecuador rechaz\u00f3 este viernes el\u00a0recurso presentado por once de los diecisiete militares procesados por la desaparici\u00f3n forzada de cuatro menores afrodescendientes\u00a0en Guayaquil, para que fueran excarcelados en virtud de\u00a0una reciente ley que proh\u00edbe la prisi\u00f3n preventiva para polic\u00edas y militares en el marco del estado de \u00abconflicto armado interno\u00bb declarado contra el [&hellip;]<\/p>\n","protected":false},"author":1,"featured_media":13152,"comment_status":"open","ping_status":"open","sticky":false,"template":"","format":"standard","meta":{"footnotes":""},"categories":[12],"tags":[],"_links":{"self":[{"href":"https:\/\/infozamoraec.com\/index.php\/wp-json\/wp\/v2\/posts\/13151"}],"collection":[{"href":"https:\/\/infozamoraec.com\/index.php\/wp-json\/wp\/v2\/posts"}],"about":[{"href":"https:\/\/infozamoraec.com\/index.php\/wp-json\/wp\/v2\/types\/post"}],"author":[{"embeddable":true,"href":"https:\/\/infozamoraec.com\/index.php\/wp-json\/wp\/v2\/users\/1"}],"replies":[{"embeddable":true,"href":"https:\/\/infozamoraec.com\/index.php\/wp-json\/wp\/v2\/comments?post=13151"}],"version-history":[{"count":1,"href":"https:\/\/infozamoraec.com\/index.php\/wp-json\/wp\/v2\/posts\/13151\/revisions"}],"predecessor-version":[{"id":13153,"href":"https:\/\/infozamoraec.com\/index.php\/wp-json\/wp\/v2\/posts\/13151\/revisions\/13153"}],"wp:featuredmedia":[{"embeddable":true,"href":"https:\/\/infozamoraec.com\/index.php\/wp-json\/wp\/v2\/media\/13152"}],"wp:attachment":[{"href":"https:\/\/infozamoraec.com\/index.php\/wp-json\/wp\/v2\/media?parent=13151"}],"wp:term":[{"taxonomy":"category","embeddable":true,"href":"https:\/\/infozamoraec.com\/index.php\/wp-json\/wp\/v2\/categories?post=13151"},{"taxonomy":"post_tag","embeddable":true,"href":"https:\/\/infozamoraec.com\/index.php\/wp-json\/wp\/v2\/tags?post=13151"}],"curies":[{"name":"wp","href":"https:\/\/api.w.org\/{rel}","templated":true}]}}