{"id":13141,"date":"2025-06-21T03:46:10","date_gmt":"2025-06-21T03:46:10","guid":{"rendered":"https:\/\/infozamoraec.com\/?p=13141"},"modified":"2025-06-21T03:46:38","modified_gmt":"2025-06-21T03:46:38","slug":"zamora-esteriliza-244-mascotas-en-su-segunda-jornada-gratuita","status":"publish","type":"post","link":"https:\/\/infozamoraec.com\/index.php\/2025\/06\/21\/zamora-esteriliza-244-mascotas-en-su-segunda-jornada-gratuita\/","title":{"rendered":"Zamora esteriliza 244 mascotas en su segunda jornada gratuita"},"content":{"rendered":"<p data-start=\"115\" data-end=\"566\">Con \u00e9xito concluy\u00f3 el segundo d\u00eda de la campa\u00f1a gratuita de esterilizaci\u00f3n canina y felina impulsada por el Gobierno Aut\u00f3nomo Descentralizado Municipal de Zamora, a trav\u00e9s del Departamento de Gesti\u00f3n Ambiental y en coordinaci\u00f3n con la cl\u00ednica PET SURGERIES, adjudicada mediante proceso p\u00fablico. La jornada, desarrollada los d\u00edas 18 y 19 de junio en la Feria Libre del sector La Pen\u00ednsula, logr\u00f3 la esterilizaci\u00f3n de 244 mascotas, entre perros y gatos.<\/p>\n<p data-start=\"568\" data-end=\"911\">Esta acci\u00f3n forma parte de un programa que contempla un total de 433 cupos para el cant\u00f3n Zamora, con el objetivo de controlar la poblaci\u00f3n de animales de compa\u00f1\u00eda, mejorar su calidad de vida y proteger la salud p\u00fablica. La campa\u00f1a continuar\u00e1 los d\u00edas 27 y 28 de junio en el mismo lugar, y se extender\u00e1 a otras parroquias en los pr\u00f3ximos d\u00edas.<\/p>\n<p data-start=\"913\" data-end=\"1282\">El equipo veterinario, conformado por profesionales provenientes de Quito, ejecut\u00f3 los procedimientos bajo altos est\u00e1ndares de calidad, con una inversi\u00f3n municipal de 25.900 d\u00f3lares. El m\u00e9dico veterinario Germ\u00e1n Nacimba destac\u00f3 que \u201cla esterilizaci\u00f3n previene enfermedades, reduce comportamientos agresivos y promueve una convivencia arm\u00f3nica entre humanos y animales\u201d.<\/p>\n<p data-start=\"1284\" data-end=\"1650\">El alcalde de Zamora, Manuel Gonz\u00e1lez, resalt\u00f3 los avances alcanzados en la gesti\u00f3n de fauna urbana. \u201cEl a\u00f1o anterior esterilizamos m\u00e1s de 850 animales. Hoy reafirmamos nuestro compromiso con campa\u00f1as que no solo benefician a las mascotas, sino tambi\u00e9n a nuestras familias y comunidades\u201d, expres\u00f3, y reiter\u00f3 su intenci\u00f3n de mantener este tipo de acciones anualmente.<\/p>\n<p data-start=\"1652\" data-end=\"1710\"><strong data-start=\"1652\" data-end=\"1710\">Pr\u00f3ximas fechas de campa\u00f1a gratuita de esterilizaci\u00f3n:<\/strong><\/p>\n<ul data-start=\"1712\" data-end=\"2107\">\n<li data-start=\"1712\" data-end=\"1767\">\n<p data-start=\"1714\" data-end=\"1767\">Guadalupe: 23 de junio \u2013 Casa de la Cultura \u2013 08H00<\/p>\n<\/li>\n<li data-start=\"1768\" data-end=\"1821\">\n<p data-start=\"1770\" data-end=\"1821\">Cumbaratza: 24 de junio \u2013 Vivero Forestal \u2013 08H00<\/p>\n<\/li>\n<li data-start=\"1822\" data-end=\"1871\">\n<p data-start=\"1824\" data-end=\"1871\">Imbana: 25 de junio \u2013 Casa Parroquial \u2013 08H00<\/p>\n<\/li>\n<li data-start=\"1872\" data-end=\"1939\">\n<p data-start=\"1874\" data-end=\"1939\">San Carlos de las Minas: 26 de junio \u2013 Junta Parroquial \u2013 08H00<\/p>\n<\/li>\n<li data-start=\"1940\" data-end=\"2011\">\n<p data-start=\"1942\" data-end=\"2011\">Zamora: 27 y 28 de junio \u2013 Feria Libre, sector La Pen\u00ednsula \u2013 08H00<\/p>\n<\/li>\n<li data-start=\"2012\" data-end=\"2062\">\n<p data-start=\"2014\" data-end=\"2062\">Timbara: 29 de junio \u2013 Cancha Cubierta \u2013 08H00<\/p>\n<\/li>\n<li data-start=\"2063\" data-end=\"2107\">\n<p data-start=\"2065\" data-end=\"2107\">Sabanilla: 30 de junio \u2013 Coliseo \u2013 08H00<\/p>\n<\/li>\n<\/ul>\n<p data-start=\"2109\" data-end=\"2268\" data-is-last-node=\"\" data-is-only-node=\"\">El GAD Municipal invita a la ciudadan\u00eda a sumarse activamente a esta campa\u00f1a, como una muestra de compromiso con la protecci\u00f3n animal y el cuidado del entorno.<\/p>\n","protected":false},"excerpt":{"rendered":"<p>Con \u00e9xito concluy\u00f3 el segundo d\u00eda de la campa\u00f1a gratuita de esterilizaci\u00f3n canina y felina impulsada por el Gobierno Aut\u00f3nomo Descentralizado Municipal de Zamora, a trav\u00e9s del Departamento de Gesti\u00f3n Ambiental y en coordinaci\u00f3n con la cl\u00ednica PET SURGERIES, adjudicada mediante proceso p\u00fablico. La jornada, desarrollada los d\u00edas 18 y 19 de junio en la [&hellip;]<\/p>\n","protected":false},"author":1,"featured_media":13142,"comment_status":"open","ping_status":"open","sticky":false,"template":"","format":"standard","meta":{"footnotes":""},"categories":[9],"tags":[],"_links":{"self":[{"href":"https:\/\/infozamoraec.com\/index.php\/wp-json\/wp\/v2\/posts\/13141"}],"collection":[{"href":"https:\/\/infozamoraec.com\/index.php\/wp-json\/wp\/v2\/posts"}],"about":[{"href":"https:\/\/infozamoraec.com\/index.php\/wp-json\/wp\/v2\/types\/post"}],"author":[{"embeddable":true,"href":"https:\/\/infozamoraec.com\/index.php\/wp-json\/wp\/v2\/users\/1"}],"replies":[{"embeddable":true,"href":"https:\/\/infozamoraec.com\/index.php\/wp-json\/wp\/v2\/comments?post=13141"}],"version-history":[{"count":1,"href":"https:\/\/infozamoraec.com\/index.php\/wp-json\/wp\/v2\/posts\/13141\/revisions"}],"predecessor-version":[{"id":13143,"href":"https:\/\/infozamoraec.com\/index.php\/wp-json\/wp\/v2\/posts\/13141\/revisions\/13143"}],"wp:featuredmedia":[{"embeddable":true,"href":"https:\/\/infozamoraec.com\/index.php\/wp-json\/wp\/v2\/media\/13142"}],"wp:attachment":[{"href":"https:\/\/infozamoraec.com\/index.php\/wp-json\/wp\/v2\/media?parent=13141"}],"wp:term":[{"taxonomy":"category","embeddable":true,"href":"https:\/\/infozamoraec.com\/index.php\/wp-json\/wp\/v2\/categories?post=13141"},{"taxonomy":"post_tag","embeddable":true,"href":"https:\/\/infozamoraec.com\/index.php\/wp-json\/wp\/v2\/tags?post=13141"}],"curies":[{"name":"wp","href":"https:\/\/api.w.org\/{rel}","templated":true}]}}