{"id":13132,"date":"2025-06-21T03:35:05","date_gmt":"2025-06-21T03:35:05","guid":{"rendered":"https:\/\/infozamoraec.com\/?p=13132"},"modified":"2025-06-21T03:35:05","modified_gmt":"2025-06-21T03:35:05","slug":"asambleista-hector-valladarez-presenta-su-rendicion-de-cuentas-2024","status":"publish","type":"post","link":"https:\/\/infozamoraec.com\/index.php\/2025\/06\/21\/asambleista-hector-valladarez-presenta-su-rendicion-de-cuentas-2024\/","title":{"rendered":"Asamble\u00edsta H\u00e9ctor Valladarez presenta su rendici\u00f3n de cuentas 2024"},"content":{"rendered":"<p align=\"justify\"><span style=\"font-family: Arial, sans-serif;\"><span style=\"font-size: medium;\">El asamble\u00edsta por Zamora Chinchipe, H\u00e9ctor Valladarez, present\u00f3 ante la ciudadan\u00eda su informe de rendici\u00f3n de cuentas correspondiente al per\u00edodo legislativo 2024, en cumplimiento del art\u00edculo 47 del COOTAD y en apego a los principios de transparencia, participaci\u00f3n ciudadana y control social.<\/span><\/span><\/p>\n<p align=\"justify\"><span style=\"font-family: Arial, sans-serif;\"><span style=\"font-size: medium;\">El proceso de rendici\u00f3n de cuentas inici\u00f3 con una rueda de prensa abierta a medios de comunicaci\u00f3n y ciudadan\u00eda, en la que el legislador explic\u00f3 los principales logros, acciones y desaf\u00edos enfrentados durante el a\u00f1o. Este espacio permiti\u00f3 un di\u00e1logo directo con la comunidad y reafirm\u00f3 su compromiso con una gesti\u00f3n p\u00fablica cercana y participativa.<\/span><\/span><\/p>\n<p align=\"justify\"><span style=\"font-family: Arial, sans-serif;\"><span style=\"font-size: medium;\">Durante su intervenci\u00f3n, Valladarez destac\u00f3 que la bandera de lucha de su gesti\u00f3n ha sido la fiscalizaci\u00f3n de los recursos amaz\u00f3nicos, en especial los montos adeudados a la regi\u00f3n, que ascienden a m\u00e1s de 1.548 millones de d\u00f3lares. En este contexto, lider\u00f3 procesos clave como la fiscalizaci\u00f3n de los fondos amaz\u00f3nicos, el caso Ol\u00f3n, el pago de rentas a los GADs, entre otros.<\/span><\/span><\/p>\n<p align=\"justify\"><span style=\"font-family: Arial, sans-serif;\"><span style=\"font-size: medium;\">En el \u00e1mbito legislativo, particip\u00f3 activamente en 118 sesiones plenarias nuevas, 529 votaciones registradas y 79 sesiones de comisi\u00f3n, adem\u00e1s de haber presentado 26 mociones e impulsado 30 proyectos de ley. Entre las leyes aprobadas se destacan la Ley de Salud Mental, la Ley de Igualdad Salarial, la Ley de Turismo y Empleo, y la Ley Reformatoria del IESS y del Banco del IESS.<\/span><\/span><\/p>\n<p align=\"justify\"><span style=\"font-family: Arial, sans-serif;\"><span style=\"font-size: medium;\">Como miembro de la Comisi\u00f3n de Gobiernos Aut\u00f3nomos, la Comisi\u00f3n Amaz\u00f3nica y diversos grupos parlamentarios tem\u00e1ticos, Valladarez ha promovido iniciativas clave como la Ley Sustitutiva de la Ley Amaz\u00f3nica y reformas a la Ley Minera para garantizar la adjudicaci\u00f3n justa y la redistribuci\u00f3n de patentes.<\/span><\/span><\/p>\n<p align=\"justify\"><span style=\"font-family: Arial, sans-serif;\"><span style=\"font-size: medium;\">El asamble\u00edsta reafirm\u00f3 su compromiso con el desarrollo de Zamora Chinchipe y la defensa de los derechos de la regi\u00f3n amaz\u00f3nica. \u201cRendir cuentas no es solo un deber legal, es un acto de respeto al mandato popular. Seguimos firmes, desde la curul y en el territorio, trabajando por nuestra gente\u201d, concluy\u00f3 Valladarez.<\/span><\/span><\/p>\n","protected":false},"excerpt":{"rendered":"<p>El asamble\u00edsta por Zamora Chinchipe, H\u00e9ctor Valladarez, present\u00f3 ante la ciudadan\u00eda su informe de rendici\u00f3n de cuentas correspondiente al per\u00edodo legislativo 2024, en cumplimiento del art\u00edculo 47 del COOTAD y en apego a los principios de transparencia, participaci\u00f3n ciudadana y control social. El proceso de rendici\u00f3n de cuentas inici\u00f3 con una rueda de prensa abierta [&hellip;]<\/p>\n","protected":false},"author":1,"featured_media":13133,"comment_status":"open","ping_status":"open","sticky":false,"template":"","format":"standard","meta":{"footnotes":""},"categories":[9],"tags":[],"_links":{"self":[{"href":"https:\/\/infozamoraec.com\/index.php\/wp-json\/wp\/v2\/posts\/13132"}],"collection":[{"href":"https:\/\/infozamoraec.com\/index.php\/wp-json\/wp\/v2\/posts"}],"about":[{"href":"https:\/\/infozamoraec.com\/index.php\/wp-json\/wp\/v2\/types\/post"}],"author":[{"embeddable":true,"href":"https:\/\/infozamoraec.com\/index.php\/wp-json\/wp\/v2\/users\/1"}],"replies":[{"embeddable":true,"href":"https:\/\/infozamoraec.com\/index.php\/wp-json\/wp\/v2\/comments?post=13132"}],"version-history":[{"count":1,"href":"https:\/\/infozamoraec.com\/index.php\/wp-json\/wp\/v2\/posts\/13132\/revisions"}],"predecessor-version":[{"id":13134,"href":"https:\/\/infozamoraec.com\/index.php\/wp-json\/wp\/v2\/posts\/13132\/revisions\/13134"}],"wp:featuredmedia":[{"embeddable":true,"href":"https:\/\/infozamoraec.com\/index.php\/wp-json\/wp\/v2\/media\/13133"}],"wp:attachment":[{"href":"https:\/\/infozamoraec.com\/index.php\/wp-json\/wp\/v2\/media?parent=13132"}],"wp:term":[{"taxonomy":"category","embeddable":true,"href":"https:\/\/infozamoraec.com\/index.php\/wp-json\/wp\/v2\/categories?post=13132"},{"taxonomy":"post_tag","embeddable":true,"href":"https:\/\/infozamoraec.com\/index.php\/wp-json\/wp\/v2\/tags?post=13132"}],"curies":[{"name":"wp","href":"https:\/\/api.w.org\/{rel}","templated":true}]}}