{"id":13128,"date":"2025-06-20T01:35:20","date_gmt":"2025-06-20T01:35:20","guid":{"rendered":"https:\/\/infozamoraec.com\/?p=13128"},"modified":"2025-06-20T01:35:20","modified_gmt":"2025-06-20T01:35:20","slug":"iran-israel-rusia-advierte-a-eeuu-sobre-intervencion","status":"publish","type":"post","link":"https:\/\/infozamoraec.com\/index.php\/2025\/06\/20\/iran-israel-rusia-advierte-a-eeuu-sobre-intervencion\/","title":{"rendered":"Ir\u00e1n-Israel: Rusia advierte a EEUU sobre \u00abintervenci\u00f3n\u00bb"},"content":{"rendered":"<p>El Ministerio de Relaciones Exteriores de\u00a0<a class=\"internal-link\" href=\"https:\/\/www.dw.com\/es\/rusia\/t-17410119\" target=\"_blank\" rel=\"noopener\">Rusia<\/a>\u00a0advirti\u00f3 este jueves (19.06.2025) a\u00a0<a class=\"internal-link\" href=\"https:\/\/www.dw.com\/es\/estados-unidos\/t-17411942\" target=\"_blank\" rel=\"noopener\">Estados Unidos<\/a>\u00a0contra su hipot\u00e9tica participaci\u00f3n en el conflicto entre Ir\u00e1n e Israel, seg\u00fan la portavoz de la canciller\u00eda Maria Zaj\u00e1rova.<\/p>\n<p>\u00abNos gustar\u00eda advertir particularmente a Washington contra cualquier intervenci\u00f3n militar en esta situaci\u00f3n, lo que constituir\u00eda un paso extremadamente peligroso con consecuencias negativas realmente impredecibles\u00bb, dijo la vocera a periodistas.<\/p>\n<p>Rusia emiti\u00f3 su advertencia despu\u00e9s de que el presidente ruso\u00a0<a class=\"internal-link\" href=\"https:\/\/www.dw.com\/es\/vladimir-putin\/t-17409853\" target=\"_blank\" rel=\"noopener\">Vladimir Putin<\/a>\u00a0y su hom\u00f3logo chino Xi Jinping condenaran \u00aben\u00e9rgicamente las acciones de Israel\u00bb tras una llamada telef\u00f3nica e instaran a una soluci\u00f3n diplom\u00e1tica.<\/p>\n<p>Israel lanz\u00f3 una ola de ataques sin precedentes contra Ir\u00e1n la semana pasada, lo que llev\u00f3 a Teher\u00e1n a responder a su vez con misiles y drones.<\/p>\n<p>El presidente de Estados Unidos,\u00a0<a class=\"internal-link\" href=\"https:\/\/www.dw.com\/es\/trump-donald\/t-19445010\" target=\"_blank\" rel=\"noopener\">Donald Trump<\/a>, anunci\u00f3 el mi\u00e9rcoles que estaba considerando unirse a la ofensiva contra Ir\u00e1n. \u00abPuede que lo haga, puede que no\u00bb, expres\u00f3.<\/p>\n<p>rr afp\/ap<\/p>\n","protected":false},"excerpt":{"rendered":"<p>El Ministerio de Relaciones Exteriores de\u00a0Rusia\u00a0advirti\u00f3 este jueves (19.06.2025) a\u00a0Estados Unidos\u00a0contra su hipot\u00e9tica participaci\u00f3n en el conflicto entre Ir\u00e1n e Israel, seg\u00fan la portavoz de la canciller\u00eda Maria Zaj\u00e1rova. \u00abNos gustar\u00eda advertir particularmente a Washington contra cualquier intervenci\u00f3n militar en esta situaci\u00f3n, lo que constituir\u00eda un paso extremadamente peligroso con consecuencias negativas realmente impredecibles\u00bb, dijo [&hellip;]<\/p>\n","protected":false},"author":1,"featured_media":13129,"comment_status":"open","ping_status":"open","sticky":false,"template":"","format":"standard","meta":{"footnotes":""},"categories":[8],"tags":[],"_links":{"self":[{"href":"https:\/\/infozamoraec.com\/index.php\/wp-json\/wp\/v2\/posts\/13128"}],"collection":[{"href":"https:\/\/infozamoraec.com\/index.php\/wp-json\/wp\/v2\/posts"}],"about":[{"href":"https:\/\/infozamoraec.com\/index.php\/wp-json\/wp\/v2\/types\/post"}],"author":[{"embeddable":true,"href":"https:\/\/infozamoraec.com\/index.php\/wp-json\/wp\/v2\/users\/1"}],"replies":[{"embeddable":true,"href":"https:\/\/infozamoraec.com\/index.php\/wp-json\/wp\/v2\/comments?post=13128"}],"version-history":[{"count":1,"href":"https:\/\/infozamoraec.com\/index.php\/wp-json\/wp\/v2\/posts\/13128\/revisions"}],"predecessor-version":[{"id":13130,"href":"https:\/\/infozamoraec.com\/index.php\/wp-json\/wp\/v2\/posts\/13128\/revisions\/13130"}],"wp:featuredmedia":[{"embeddable":true,"href":"https:\/\/infozamoraec.com\/index.php\/wp-json\/wp\/v2\/media\/13129"}],"wp:attachment":[{"href":"https:\/\/infozamoraec.com\/index.php\/wp-json\/wp\/v2\/media?parent=13128"}],"wp:term":[{"taxonomy":"category","embeddable":true,"href":"https:\/\/infozamoraec.com\/index.php\/wp-json\/wp\/v2\/categories?post=13128"},{"taxonomy":"post_tag","embeddable":true,"href":"https:\/\/infozamoraec.com\/index.php\/wp-json\/wp\/v2\/tags?post=13128"}],"curies":[{"name":"wp","href":"https:\/\/api.w.org\/{rel}","templated":true}]}}