{"id":13125,"date":"2025-06-20T01:31:21","date_gmt":"2025-06-20T01:31:21","guid":{"rendered":"https:\/\/infozamoraec.com\/?p=13125"},"modified":"2025-06-20T01:31:21","modified_gmt":"2025-06-20T01:31:21","slug":"encuesta-6-de-cada-10-salvadorenos-temen-criticar-a-bukele","status":"publish","type":"post","link":"https:\/\/infozamoraec.com\/index.php\/2025\/06\/20\/encuesta-6-de-cada-10-salvadorenos-temen-criticar-a-bukele\/","title":{"rendered":"Encuesta: 6 de cada 10 salvadore\u00f1os temen criticar a Bukele"},"content":{"rendered":"<p>Seis de cada diez personas en\u00a0<a class=\"internal-link\" href=\"https:\/\/www.dw.com\/es\/el-salvador\/t-17411929\" target=\"_blank\" rel=\"noopener\">El Salvador<\/a>\u00a0piensan que criticar al presidente\u00a0<a class=\"internal-link\" href=\"https:\/\/www.dw.com\/es\/bukele-nayib\/t-47302581\" target=\"_blank\" rel=\"noopener\">Nayib Bukele<\/a>\u00a0o a su gobierno puede acarrearles \u00abconsecuencias negativas\u00bb, seg\u00fan una encuesta de la jesuita Universidad Centroamericana (UCA) publicada el jueves (18.06.2025).<\/p>\n<p>Bukele, en el poder desde 2019, goza de alta popularidad por haber reducido la violencia criminal con una \u00abguerra\u00bb que declar\u00f3 a las pandillas en 2022, pero es acusado por grupos de derechos humanos y opositores de concentrar el poder y acallar a las voces cr\u00edticas con arrestos y procesos judiciales.<\/p>\n<p>Ante la consulta de \u00abqu\u00e9 tan probable es que una persona o instituci\u00f3n pueda sufrir consecuencias negativas por expresarse de forma cr\u00edtica sobre el gobierno y el presidente en redes sociales u otro medio de difusi\u00f3n\u00bb, el 57,9% de los encuestados indic\u00f3 que eso era \u00abmuy probable o algo probable\u00bb.<\/p>\n<p>En tanto, un 15,1% opin\u00f3 que era \u00abpoco probable\u00bb, y un 24,1% dijo que era \u00abnada probable\u00bb. Otro 2,9% no respondi\u00f3, seg\u00fan el informe de la UCA.<\/p>\n<p>De acuerdo con el sondeo, \u00ab48 de cada 100 ciudadanos\u00bb consideran que las consecuencias negativas que puede sufrir una persona por criticar a Bukele es ser \u00abdetenida o encarcelada\u00bb.<\/p>\n<p>En semanas recientes fueron detenidos en El Salvador cinco cr\u00edticos del presidente, entre ellos activistas por los derechos humanos y abogados.<\/p>\n<h2>Seguridad, lo \u00abmejor\u00bb que sucede en el pa\u00eds<\/h2>\n<p>De acuerdo con la encuesta, los principales problemas que agobian a los salvadore\u00f1os son la econom\u00eda y el desempleo y lo \u00abmejor\u00bb que sucede en el pa\u00eds es el alto nivel de seguridad.<\/p>\n<p>La directora del Instituto Universitario de Opini\u00f3n P\u00fablica de la UCA, Iliana \u00c1lvarez, dijo que solo el 2,1% de los encuestados estim\u00f3 que \u00abel encarcelamiento de personas inocentes y otras violaciones a derechos humanos constituyen parte de los principales problemas actuales del pa\u00eds\u00bb.<\/p>\n<p>\u00abLa poblaci\u00f3n salvadore\u00f1a otorga una nota de 8,15 (de un m\u00e1ximo de 10) al presidente Nayib Bukele en su sexto a\u00f1o de gesti\u00f3n\u00bb, seg\u00fan el sondeo de la UCA, realizado entre el 14 y 24 de mayo con una muestra de 1.272 personas y un margen de error de 2,75%.<\/p>\n<p>Bukele fue reelegido en febrero de 2024 con el 85% de votos gracias a su mano dura contra las pandillas. Su pol\u00edtica se basa en un r\u00e9gimen de excepci\u00f3n que \u00abse mantiene bien evaluado\u00bb, seg\u00fan la encuesta, aunque es criticado por grupos de derechos humanos.<\/p>\n<p>gs (afp, elsalvador.com)<\/p>\n","protected":false},"excerpt":{"rendered":"<p>Seis de cada diez personas en\u00a0El Salvador\u00a0piensan que criticar al presidente\u00a0Nayib Bukele\u00a0o a su gobierno puede acarrearles \u00abconsecuencias negativas\u00bb, seg\u00fan una encuesta de la jesuita Universidad Centroamericana (UCA) publicada el jueves (18.06.2025). Bukele, en el poder desde 2019, goza de alta popularidad por haber reducido la violencia criminal con una \u00abguerra\u00bb que declar\u00f3 a las [&hellip;]<\/p>\n","protected":false},"author":1,"featured_media":13126,"comment_status":"open","ping_status":"open","sticky":false,"template":"","format":"standard","meta":{"footnotes":""},"categories":[8],"tags":[],"_links":{"self":[{"href":"https:\/\/infozamoraec.com\/index.php\/wp-json\/wp\/v2\/posts\/13125"}],"collection":[{"href":"https:\/\/infozamoraec.com\/index.php\/wp-json\/wp\/v2\/posts"}],"about":[{"href":"https:\/\/infozamoraec.com\/index.php\/wp-json\/wp\/v2\/types\/post"}],"author":[{"embeddable":true,"href":"https:\/\/infozamoraec.com\/index.php\/wp-json\/wp\/v2\/users\/1"}],"replies":[{"embeddable":true,"href":"https:\/\/infozamoraec.com\/index.php\/wp-json\/wp\/v2\/comments?post=13125"}],"version-history":[{"count":1,"href":"https:\/\/infozamoraec.com\/index.php\/wp-json\/wp\/v2\/posts\/13125\/revisions"}],"predecessor-version":[{"id":13127,"href":"https:\/\/infozamoraec.com\/index.php\/wp-json\/wp\/v2\/posts\/13125\/revisions\/13127"}],"wp:featuredmedia":[{"embeddable":true,"href":"https:\/\/infozamoraec.com\/index.php\/wp-json\/wp\/v2\/media\/13126"}],"wp:attachment":[{"href":"https:\/\/infozamoraec.com\/index.php\/wp-json\/wp\/v2\/media?parent=13125"}],"wp:term":[{"taxonomy":"category","embeddable":true,"href":"https:\/\/infozamoraec.com\/index.php\/wp-json\/wp\/v2\/categories?post=13125"},{"taxonomy":"post_tag","embeddable":true,"href":"https:\/\/infozamoraec.com\/index.php\/wp-json\/wp\/v2\/tags?post=13125"}],"curies":[{"name":"wp","href":"https:\/\/api.w.org\/{rel}","templated":true}]}}