{"id":13119,"date":"2025-06-20T01:25:28","date_gmt":"2025-06-20T01:25:28","guid":{"rendered":"https:\/\/infozamoraec.com\/?p=13119"},"modified":"2025-06-20T01:25:28","modified_gmt":"2025-06-20T01:25:28","slug":"hoy-la-asamblea-nacional-no-es-un-obstaculo-sino-un-motor-dice-niels-olsen","status":"publish","type":"post","link":"https:\/\/infozamoraec.com\/index.php\/2025\/06\/20\/hoy-la-asamblea-nacional-no-es-un-obstaculo-sino-un-motor-dice-niels-olsen\/","title":{"rendered":"Hoy la Asamblea Nacional no es un obst\u00e1culo, sino un motor, dice Niels Olsen"},"content":{"rendered":"<p>En la ceremonia de relevo de guardia de la Escolta Legislativa de este mi\u00e9rcoles, 18 de junio, el presidente de la Asamblea Nacional, Niels Olsen, hizo un balance de su primer mes de gesti\u00f3n. Asegur\u00f3 que el accionar legislativo no se ha detenido un solo d\u00eda y que hoy la Asamblea no es un obst\u00e1culo, sino un motor.<\/p>\n<p>En su tercer discurso como titular de la legislatura dijo que en menos de un mes la Asamblea ha demostrado que puede trabajar al ritmo que el Ecuador exige, no con discursos, sino con hechos; no con excusas, sino con resultados.<\/p>\n<p>Que hace un mes el Parlamento asumi\u00f3 el compromiso de marcar un antes y un despu\u00e9s haciendo lo que muchas veces se prometi\u00f3 y pocas veces se cumpli\u00f3: legislar sin pausa, legislar con prop\u00f3sito y legislar sin shows.<\/p>\n<p>Afirm\u00f3 que desde el primer momento la Asamblea Nacional respondi\u00f3 al pa\u00eds y no se ha detenido ni un solo d\u00eda: \u201cAqu\u00ed no hubo curva de aprendizajes; no hay tiempo para eso y tampoco hubo excusas heredadas\u201d.<\/p>\n<p>A\u00f1adi\u00f3 que el Legislativo asumi\u00f3 con inter\u00e9s los mandatos de un Ecuador que exige leyes claras, decisiones firmes y trabajo coordinado.<\/p>\n<p>Destac\u00f3 que por primera vez en muchos a\u00f1os un Ejecutivo y un Legislativo caminan en la misma direcci\u00f3n porque la divisi\u00f3n de poderes no significa divisi\u00f3n de objetivos.<\/p>\n<p>\u201cHoy la Asamblea no es un obst\u00e1culo; hoy la Asamblea es un motor. Hoy la pol\u00edtica no es un campo de batalla; es una mesa de soluciones. Aqu\u00ed no se grita; aqu\u00ed se act\u00faa. Aqu\u00ed no se pacta en la sombra; aqu\u00ed se construye a la vista. Aqu\u00ed no se tolera el caos; aqu\u00ed se defiende el orden\u201d, manifest\u00f3.<\/p>\n<p>Insisti\u00f3 en que en solo 30 d\u00edas se aprobaron leyes que se han esperado durante d\u00e9cadas: \u201cPorque defender a este pa\u00eds, amar a este pa\u00eds no es un tema de palabras; es un asunto de hechos. Lo que estamos haciendo aqu\u00ed es hist\u00f3rico. Estamos recuperando el control de nuestro territorio. Estamos fortaleciendo el Bloque de Seguridad. Estamos golpeando las econom\u00edas criminales. Estamos devolviendo aire a nuestra econom\u00eda. Y este es solo el comienzo\u201d.<\/p>\n<p>Olsen, de las filas de ADN, se comprometi\u00f3 a seguir legislando al ritmo de la urgencia nacional. \u201cSeguiremos construyendo puentes con quienes apuestan en el futuro. Seguiremos poniendo l\u00edmites firmes a quienes insisten en volver al pasado, porque nosotros no vinimos a ocupar un cargo: vinimos a honrar a un pa\u00eds, a nuestro pa\u00eds, al Ecuador\u201d, concluy\u00f3 . (I)<\/p>\n","protected":false},"excerpt":{"rendered":"<p>En la ceremonia de relevo de guardia de la Escolta Legislativa de este mi\u00e9rcoles, 18 de junio, el presidente de la Asamblea Nacional, Niels Olsen, hizo un balance de su primer mes de gesti\u00f3n. Asegur\u00f3 que el accionar legislativo no se ha detenido un solo d\u00eda y que hoy la Asamblea no es un obst\u00e1culo, [&hellip;]<\/p>\n","protected":false},"author":1,"featured_media":13120,"comment_status":"open","ping_status":"open","sticky":false,"template":"","format":"standard","meta":{"footnotes":""},"categories":[12],"tags":[],"_links":{"self":[{"href":"https:\/\/infozamoraec.com\/index.php\/wp-json\/wp\/v2\/posts\/13119"}],"collection":[{"href":"https:\/\/infozamoraec.com\/index.php\/wp-json\/wp\/v2\/posts"}],"about":[{"href":"https:\/\/infozamoraec.com\/index.php\/wp-json\/wp\/v2\/types\/post"}],"author":[{"embeddable":true,"href":"https:\/\/infozamoraec.com\/index.php\/wp-json\/wp\/v2\/users\/1"}],"replies":[{"embeddable":true,"href":"https:\/\/infozamoraec.com\/index.php\/wp-json\/wp\/v2\/comments?post=13119"}],"version-history":[{"count":1,"href":"https:\/\/infozamoraec.com\/index.php\/wp-json\/wp\/v2\/posts\/13119\/revisions"}],"predecessor-version":[{"id":13121,"href":"https:\/\/infozamoraec.com\/index.php\/wp-json\/wp\/v2\/posts\/13119\/revisions\/13121"}],"wp:featuredmedia":[{"embeddable":true,"href":"https:\/\/infozamoraec.com\/index.php\/wp-json\/wp\/v2\/media\/13120"}],"wp:attachment":[{"href":"https:\/\/infozamoraec.com\/index.php\/wp-json\/wp\/v2\/media?parent=13119"}],"wp:term":[{"taxonomy":"category","embeddable":true,"href":"https:\/\/infozamoraec.com\/index.php\/wp-json\/wp\/v2\/categories?post=13119"},{"taxonomy":"post_tag","embeddable":true,"href":"https:\/\/infozamoraec.com\/index.php\/wp-json\/wp\/v2\/tags?post=13119"}],"curies":[{"name":"wp","href":"https:\/\/api.w.org\/{rel}","templated":true}]}}