{"id":13116,"date":"2025-06-20T01:22:41","date_gmt":"2025-06-20T01:22:41","guid":{"rendered":"https:\/\/infozamoraec.com\/?p=13116"},"modified":"2025-06-20T01:23:11","modified_gmt":"2025-06-20T01:23:11","slug":"contraloria-notifico-los-resultados-provisionales-de-examen-a-contratos-entre-celec-y-progen","status":"publish","type":"post","link":"https:\/\/infozamoraec.com\/index.php\/2025\/06\/20\/contraloria-notifico-los-resultados-provisionales-de-examen-a-contratos-entre-celec-y-progen\/","title":{"rendered":"Contralor\u00eda notific\u00f3 los resultados provisionales de examen a contratos entre Celec y Progen"},"content":{"rendered":"<p>La Contralor\u00eda examin\u00f3 los cuestionados contratos entre Celec y Progen para la generaci\u00f3n de electricidad en Salitral y Quevedo. Los resultados provisionales ya fueron notificados a las partes, pero a\u00fan no son p\u00fablicos.<\/p>\n<p>As\u00ed lo inform\u00f3 la Contralor\u00eda General del Estado, a trav\u00e9s de un comunicado, la noche del 18 de junio de 2025.<\/p>\n<p>Corre\u00edsmo y ADN se disputan la fiscalizaci\u00f3n de los contratos de Progen firmados por el Gobierno<\/p>\n<p>Una vez recibida la notificaci\u00f3n, los administrados podr\u00e1n presentar sus descargos y argumentos sobre los hallazgos de la auditor\u00eda.<\/p>\n<p>Luego de recibir los descargos, la Contralor\u00eda realizar\u00e1 la lectura del borrador de los resultados de la auditor\u00eda y luego, presentar\u00e1 el informe final.<\/p>\n<p>Celec firm\u00f3 dos contratos por USD 149,1 millones con Progen, en agosto de 2024, para\u00a0instalar 150 megavatios en Quevedo y Salitral. Las centrales deb\u00edan entrar en operaci\u00f3n en noviembre de 2024, a\u00f1o,\u00a0pero eso no ocurri\u00f3.<\/p>\n<p>El pasado 7 de octubre de 2024, la Contralor\u00eda inici\u00f3 una verificaci\u00f3n preliminar a los procesos de contrataci\u00f3n efectuados en el marco de la declaratoria de emergencia del sector el\u00e9ctrico.<\/p>\n<p>El resultado de ese informe determin\u00f3 que existe la necesidad de realizar una acci\u00f3n de control a los procesos TPI-CON-0062-24 y\u00a0y TPI-CON-0067-2.<\/p>\n<p>Terminaci\u00f3n del contrato<\/p>\n<p>Ahora, la contrataci\u00f3n se encuentra en un arbitraje, porque CELEC pretende dar por terminados los contratos de forma unilateral.<\/p>\n<p>Tras la notificaci\u00f3n de CELEC para la terminaci\u00f3n de los contratos, Progen present\u00f3 una solicitud de arbitraje de emergencia.<\/p>\n<p>En el sistema de generaci\u00f3n de Salitral, Progen ya ha importado todos los motores, pero todav\u00eda faltan obras fundamentales como la instalaci\u00f3n de un transformador que debe llegar desde China.<\/p>\n<p>Mientras que, en el caso de Quevedo solo han llegado 17 de los 20 generadores que deb\u00edan instalar.<\/p>\n<p>La ministra de Energ\u00eda, In\u00e9s Manzano, asegur\u00f3 el 18 de junio en una entrevista con Teleamazonas, que Celec tiene las capacidades para terminar las obras que deja pendientes Progen, porque esa energ\u00eda es necesaria en el plan para evitar apagones en 2025.<\/p>\n","protected":false},"excerpt":{"rendered":"<p>La Contralor\u00eda examin\u00f3 los cuestionados contratos entre Celec y Progen para la generaci\u00f3n de electricidad en Salitral y Quevedo. Los resultados provisionales ya fueron notificados a las partes, pero a\u00fan no son p\u00fablicos. As\u00ed lo inform\u00f3 la Contralor\u00eda General del Estado, a trav\u00e9s de un comunicado, la noche del 18 de junio de 2025. Corre\u00edsmo [&hellip;]<\/p>\n","protected":false},"author":1,"featured_media":13117,"comment_status":"open","ping_status":"open","sticky":false,"template":"","format":"standard","meta":{"footnotes":""},"categories":[12],"tags":[],"_links":{"self":[{"href":"https:\/\/infozamoraec.com\/index.php\/wp-json\/wp\/v2\/posts\/13116"}],"collection":[{"href":"https:\/\/infozamoraec.com\/index.php\/wp-json\/wp\/v2\/posts"}],"about":[{"href":"https:\/\/infozamoraec.com\/index.php\/wp-json\/wp\/v2\/types\/post"}],"author":[{"embeddable":true,"href":"https:\/\/infozamoraec.com\/index.php\/wp-json\/wp\/v2\/users\/1"}],"replies":[{"embeddable":true,"href":"https:\/\/infozamoraec.com\/index.php\/wp-json\/wp\/v2\/comments?post=13116"}],"version-history":[{"count":1,"href":"https:\/\/infozamoraec.com\/index.php\/wp-json\/wp\/v2\/posts\/13116\/revisions"}],"predecessor-version":[{"id":13118,"href":"https:\/\/infozamoraec.com\/index.php\/wp-json\/wp\/v2\/posts\/13116\/revisions\/13118"}],"wp:featuredmedia":[{"embeddable":true,"href":"https:\/\/infozamoraec.com\/index.php\/wp-json\/wp\/v2\/media\/13117"}],"wp:attachment":[{"href":"https:\/\/infozamoraec.com\/index.php\/wp-json\/wp\/v2\/media?parent=13116"}],"wp:term":[{"taxonomy":"category","embeddable":true,"href":"https:\/\/infozamoraec.com\/index.php\/wp-json\/wp\/v2\/categories?post=13116"},{"taxonomy":"post_tag","embeddable":true,"href":"https:\/\/infozamoraec.com\/index.php\/wp-json\/wp\/v2\/tags?post=13116"}],"curies":[{"name":"wp","href":"https:\/\/api.w.org\/{rel}","templated":true}]}}