{"id":13113,"date":"2025-06-20T01:18:54","date_gmt":"2025-06-20T01:18:54","guid":{"rendered":"https:\/\/infozamoraec.com\/?p=13113"},"modified":"2025-06-20T02:11:11","modified_gmt":"2025-06-20T02:11:11","slug":"noboa-limita-la-compra-de-autos-de-lujo-en-el-sector-publico","status":"publish","type":"post","link":"https:\/\/infozamoraec.com\/index.php\/2025\/06\/20\/noboa-limita-la-compra-de-autos-de-lujo-en-el-sector-publico\/","title":{"rendered":"Noboa limita la compra de autos de lujo en el sector p\u00fablico"},"content":{"rendered":"<p>El presidente de la Rep\u00fablica,\u00a0<a title=\"Daniel Noboa\" href=\"https:\/\/www.larepublica.ec\/blog\/2025\/06\/18\/noboa-entrega-usd-4-millones-para-obras-en-manabi\/\" target=\"_blank\" rel=\"noopener\">Daniel Noboa<\/a>\u00a0acaba de firmar el\u00a0<a title=\"Decreto Ejecutivo N.\u00ba 36.\" href=\"https:\/\/minka.presidencia.gob.ec\/portal\/usuarios_externos.jsf\" target=\"_blank\" rel=\"noopener\">Decreto Ejecutivo N.\u00ba 36.<\/a>\u00a0Este nuevo\u00a0<strong>documento introduce una seriede reformas orientadas a optimizar el uso de recursos p\u00fablicos,\u00a0regulando seguros m\u00e9dicos y la adquisici\u00f3n de veh\u00edculos de uso oficial.<\/strong><\/p>\n<p><strong>Uno de los cambios m\u00e1s relevantes es la modificaci\u00f3n del art\u00edculo 235 del Reglamento General a la Ley Org\u00e1nica del Servicio P\u00fablico. Desde ahora,\u00a0las entidades del Estado ya no podr\u00e1n contratar seguros privados de salud financiados con fondos p\u00fablicos para sus funcionarios. de reformas orientadas a optimizar el uso de recursos p\u00fablicos,<\/strong>\u00a0regulando seguros m\u00e9dicos y la adquisici\u00f3n de veh\u00edculos de uso oficial.<\/p>\n<p>\u201cSe proh\u00edbe expresamente la contrataci\u00f3n de seguros privados de salud pagados por parte del Estado para las y los servidores p\u00fablicos con recursos del Estado\u201d, dice el Decreto en su art\u00edculo 235.<\/p>\n<p><strong>Solo se permitir\u00e1 la contrataci\u00f3n de seguros de vida para servidores que desempe\u00f1en tareas de riesgo<\/strong>, siempre que existan los recursos presupuestarios correspondientes y dentro de los l\u00edmites definidos por el Ministerio del Trabajo.<\/p>\n<p>Adem\u00e1s,\u00a0<strong>ser\u00e1 obligatorio contar con un seguro m\u00e9dico internacional en caso de viajes oficiales al extranjero<\/strong>, salvo que estos costos est\u00e9n cubiertos por terceros.<\/p>\n<p>\u201cEs obligaci\u00f3n de la Administraci\u00f3n P\u00fablica contratar un seguro de salud por viaje internacional con cobertura total, para los servidores o trabajadores p\u00fablicos que viajen en comisi\u00f3n de servicios al exterior, salvo que el financista del viaje cubriera este valor\u201d, detall\u00f3 Noboa en el Decreto.<\/p>\n<p>&nbsp;<\/p>\n<h2 class=\"wp-block-heading\">Cambios en transportaci\u00f3n de funcionarios<\/h2>\n<p>Se ratifica<strong>\u00a0la prohibici\u00f3n de adquirir autom\u00f3viles de alta gama, excepto aquellos destinados a seguridad o funciones especiales<\/strong>, cuya compra deber\u00e1 estar debidamente justificada por informes de riesgo y aprobada por la Secretar\u00eda General Administrativa de la Presidencia.<\/p>\n<p>En estos casos, se permitir\u00e1 el uso de veh\u00edculos con tecnolog\u00eda avanzada o de mayor calidad, independientemente de su precio, siempre que se ajuste al presupuesto disponible.<\/p>\n<p>Sobre el Decreto Ejecutivo N.\u00ba 457 de junio de 2022, emitido por el entonces presidente Guillermo Lasso, se eliminaron art\u00edculos que limitaban la adquisici\u00f3n de ciertos bienes y se sustituy\u00f3 el art\u00edculo 21 para dejar claro que\u00a0<strong>toda compra de veh\u00edculos debe contar con autorizaci\u00f3n previa, dependiendo de su tipo y finalidad. Tambi\u00e9n se suprimi\u00f3 el art\u00edculo 31 de dicho decreto.<\/strong><\/p>\n<p>Por otro lado, la Canciller\u00eda ser\u00e1 la encargada de regular las compras de veh\u00edculos destinados a las representaciones diplom\u00e1ticas del pa\u00eds en el extranjero,\u00a0<strong>mientras que el Ministerio del Trabajo y el Servicio Nacional de Contrataci\u00f3n P\u00fablica\u00a0<\/strong>emitir\u00e1n las\u00a0<strong>directrices necesarias para aplicar estas disposiciones.<\/strong><\/p>\n<p>Para concluir, el documento establece que cualquier gasto que surja de estas reformas deber\u00e1 contar con certificaci\u00f3n presupuestaria conforme a la normativa financiera vigente.<\/p>\n","protected":false},"excerpt":{"rendered":"<p>El presidente de la Rep\u00fablica,\u00a0Daniel Noboa\u00a0acaba de firmar el\u00a0Decreto Ejecutivo N.\u00ba 36.\u00a0Este nuevo\u00a0documento introduce una seriede reformas orientadas a optimizar el uso de recursos p\u00fablicos,\u00a0regulando seguros m\u00e9dicos y la adquisici\u00f3n de veh\u00edculos de uso oficial. Uno de los cambios m\u00e1s relevantes es la modificaci\u00f3n del art\u00edculo 235 del Reglamento General a la Ley Org\u00e1nica del [&hellip;]<\/p>\n","protected":false},"author":1,"featured_media":13114,"comment_status":"open","ping_status":"open","sticky":false,"template":"","format":"standard","meta":{"footnotes":""},"categories":[12],"tags":[],"_links":{"self":[{"href":"https:\/\/infozamoraec.com\/index.php\/wp-json\/wp\/v2\/posts\/13113"}],"collection":[{"href":"https:\/\/infozamoraec.com\/index.php\/wp-json\/wp\/v2\/posts"}],"about":[{"href":"https:\/\/infozamoraec.com\/index.php\/wp-json\/wp\/v2\/types\/post"}],"author":[{"embeddable":true,"href":"https:\/\/infozamoraec.com\/index.php\/wp-json\/wp\/v2\/users\/1"}],"replies":[{"embeddable":true,"href":"https:\/\/infozamoraec.com\/index.php\/wp-json\/wp\/v2\/comments?post=13113"}],"version-history":[{"count":2,"href":"https:\/\/infozamoraec.com\/index.php\/wp-json\/wp\/v2\/posts\/13113\/revisions"}],"predecessor-version":[{"id":13131,"href":"https:\/\/infozamoraec.com\/index.php\/wp-json\/wp\/v2\/posts\/13113\/revisions\/13131"}],"wp:featuredmedia":[{"embeddable":true,"href":"https:\/\/infozamoraec.com\/index.php\/wp-json\/wp\/v2\/media\/13114"}],"wp:attachment":[{"href":"https:\/\/infozamoraec.com\/index.php\/wp-json\/wp\/v2\/media?parent=13113"}],"wp:term":[{"taxonomy":"category","embeddable":true,"href":"https:\/\/infozamoraec.com\/index.php\/wp-json\/wp\/v2\/categories?post=13113"},{"taxonomy":"post_tag","embeddable":true,"href":"https:\/\/infozamoraec.com\/index.php\/wp-json\/wp\/v2\/tags?post=13113"}],"curies":[{"name":"wp","href":"https:\/\/api.w.org\/{rel}","templated":true}]}}