{"id":13107,"date":"2025-06-20T01:03:24","date_gmt":"2025-06-20T01:03:24","guid":{"rendered":"https:\/\/infozamoraec.com\/?p=13107"},"modified":"2025-06-20T01:03:24","modified_gmt":"2025-06-20T01:03:24","slug":"adultos-mayores-de-zamora-vivieron-jornada-terapeutica-en-el-dia-mundial-contra-el-abuso-y-maltrato-en-la-vejez","status":"publish","type":"post","link":"https:\/\/infozamoraec.com\/index.php\/2025\/06\/20\/adultos-mayores-de-zamora-vivieron-jornada-terapeutica-en-el-dia-mundial-contra-el-abuso-y-maltrato-en-la-vejez\/","title":{"rendered":"Adultos mayores de Zamora vivieron jornada terap\u00e9utica en el D\u00eda Mundial contra el Abuso y Maltrato en la Vejez"},"content":{"rendered":"<p>En el marco de la conmemoraci\u00f3n del 15 de junio como D\u00eda Mundial de Toma de Conciencia del Abuso y Maltrato en la Vejez,\u00a0 \u00a0el Gobierno Aut\u00f3nomo Descentralizado Municipal de Zamora desarroll\u00f3 el Taller Terap\u00e9utico Integral \u201cArcilla, Emoci\u00f3n y Naturaleza Viva\u201d, una actividad enfocada en el bienestar emocional y la valoraci\u00f3n de los adultos mayores.<\/p>\n<p>El evento, organizado por el equipo t\u00e9cnico del proyecto del adulto mayor con y sin discapacidad, se realiz\u00f3 con el prop\u00f3sito de promover espacios de respeto, sanaci\u00f3n y conexi\u00f3n con la naturaleza.<\/p>\n<p>La jornada cont\u00f3 con la gu\u00eda de Tania S\u00e1nchez, terapeuta ocupacional certificada en Ecoterapia, y Jhordely Reyes, motivadora, quienes facilitaron t\u00e9cnicas de expresi\u00f3n emocional mediante el uso de la arcilla y din\u00e1micas vivenciales.<\/p>\n<p>Un total de 14 adultos mayores provenientes de distintas parroquias del cant\u00f3n participaron activamente en esta experiencia, que foment\u00f3 la integraci\u00f3n, el reconocimiento de sus derechos y el fortalecimiento de su autoestima a trav\u00e9s de actividades l\u00fadicas y terap\u00e9uticas.<\/p>\n<p>El GAD Municipal reafirma su compromiso con la construcci\u00f3n de una sociedad m\u00e1s inclusiva, solidaria y consciente del rol fundamental que cumplen las personas mayores en la comunidad. Iniciativas como esta demuestran que el respeto, la ternura y el cuidado hacia nuestros adultos mayores son pilares esenciales para el desarrollo social.<\/p>\n","protected":false},"excerpt":{"rendered":"<p>En el marco de la conmemoraci\u00f3n del 15 de junio como D\u00eda Mundial de Toma de Conciencia del Abuso y Maltrato en la Vejez,\u00a0 \u00a0el Gobierno Aut\u00f3nomo Descentralizado Municipal de Zamora desarroll\u00f3 el Taller Terap\u00e9utico Integral \u201cArcilla, Emoci\u00f3n y Naturaleza Viva\u201d, una actividad enfocada en el bienestar emocional y la valoraci\u00f3n de los adultos mayores. [&hellip;]<\/p>\n","protected":false},"author":1,"featured_media":13108,"comment_status":"open","ping_status":"open","sticky":false,"template":"","format":"standard","meta":{"footnotes":""},"categories":[9],"tags":[],"_links":{"self":[{"href":"https:\/\/infozamoraec.com\/index.php\/wp-json\/wp\/v2\/posts\/13107"}],"collection":[{"href":"https:\/\/infozamoraec.com\/index.php\/wp-json\/wp\/v2\/posts"}],"about":[{"href":"https:\/\/infozamoraec.com\/index.php\/wp-json\/wp\/v2\/types\/post"}],"author":[{"embeddable":true,"href":"https:\/\/infozamoraec.com\/index.php\/wp-json\/wp\/v2\/users\/1"}],"replies":[{"embeddable":true,"href":"https:\/\/infozamoraec.com\/index.php\/wp-json\/wp\/v2\/comments?post=13107"}],"version-history":[{"count":1,"href":"https:\/\/infozamoraec.com\/index.php\/wp-json\/wp\/v2\/posts\/13107\/revisions"}],"predecessor-version":[{"id":13109,"href":"https:\/\/infozamoraec.com\/index.php\/wp-json\/wp\/v2\/posts\/13107\/revisions\/13109"}],"wp:featuredmedia":[{"embeddable":true,"href":"https:\/\/infozamoraec.com\/index.php\/wp-json\/wp\/v2\/media\/13108"}],"wp:attachment":[{"href":"https:\/\/infozamoraec.com\/index.php\/wp-json\/wp\/v2\/media?parent=13107"}],"wp:term":[{"taxonomy":"category","embeddable":true,"href":"https:\/\/infozamoraec.com\/index.php\/wp-json\/wp\/v2\/categories?post=13107"},{"taxonomy":"post_tag","embeddable":true,"href":"https:\/\/infozamoraec.com\/index.php\/wp-json\/wp\/v2\/tags?post=13107"}],"curies":[{"name":"wp","href":"https:\/\/api.w.org\/{rel}","templated":true}]}}