{"id":13099,"date":"2025-06-20T00:53:22","date_gmt":"2025-06-20T00:53:22","guid":{"rendered":"https:\/\/infozamoraec.com\/?p=13099"},"modified":"2025-06-20T00:53:22","modified_gmt":"2025-06-20T00:53:22","slug":"creatividad-sabor-y-aprendizaje-brillaron-en-jornada-interdisciplinaria-de-la-escuela-del-queque","status":"publish","type":"post","link":"https:\/\/infozamoraec.com\/index.php\/2025\/06\/20\/creatividad-sabor-y-aprendizaje-brillaron-en-jornada-interdisciplinaria-de-la-escuela-del-queque\/","title":{"rendered":"Creatividad, sabor y aprendizaje brillaron en jornada interdisciplinaria de la escuela del Queque"},"content":{"rendered":"<p>En un ambiente de alegr\u00eda, compromiso y trabajo en equipo, la escuela de Educaci\u00f3n B\u00e1sica \u201cCarmita Consuelo Villalta\u201d del barrio El Queque de la parroquia Sabanilla, cant\u00f3n Zamora, vivi\u00f3 una jornada intensa durante la presentaci\u00f3n e de sus proyectos interdisciplinarios, donde el arte, la educaci\u00f3n y la gastronom\u00eda se fusionaron para fortalecer el aprendizaje integral de los estudiantes.<\/p>\n<p>Durante la actividad, los ni\u00f1os y ni\u00f1as demostraron su creatividad mediante la elaboraci\u00f3n de coloridas manualidades, acompa\u00f1adas de la preparaci\u00f3n y presentaci\u00f3n de deliciosos manjares elaborados con el apoyo de padres y docentes. La jornada permiti\u00f3 exponer habilidades pr\u00e1cticas, y\u00a0 tambi\u00e9n reforzar valores como la responsabilidad, la colaboraci\u00f3n y el respeto por el trabajo colectivo.<\/p>\n<p>El evento cont\u00f3 con la activa participaci\u00f3n de las familias y el acompa\u00f1amiento de la comunidad educativa. Medardo Ortega, director distrital de Educaci\u00f3n, expres\u00f3 su reconocimiento al esfuerzo de todos los actores involucrados: \u201cGracias al esfuerzo conjunto de la docente, estudiantes y padres de familia seguimos construyendo una educaci\u00f3n de calidad basada en valores, participaci\u00f3n y alegr\u00eda\u201d.<\/p>\n<p>La escuela \u201cCarmita Consuelo Villalta\u201d es una peque\u00f1a instituci\u00f3n\u00a0 ubicada en el\u00a0 sector rural que demuestra\u00a0 su compromiso con una formaci\u00f3n que combina conocimiento, expresi\u00f3n art\u00edstica y el desarrollo de habilidades para la vida.<\/p>\n","protected":false},"excerpt":{"rendered":"<p>En un ambiente de alegr\u00eda, compromiso y trabajo en equipo, la escuela de Educaci\u00f3n B\u00e1sica \u201cCarmita Consuelo Villalta\u201d del barrio El Queque de la parroquia Sabanilla, cant\u00f3n Zamora, vivi\u00f3 una jornada intensa durante la presentaci\u00f3n e de sus proyectos interdisciplinarios, donde el arte, la educaci\u00f3n y la gastronom\u00eda se fusionaron para fortalecer el aprendizaje integral [&hellip;]<\/p>\n","protected":false},"author":1,"featured_media":13100,"comment_status":"open","ping_status":"open","sticky":false,"template":"","format":"standard","meta":{"footnotes":""},"categories":[9],"tags":[],"_links":{"self":[{"href":"https:\/\/infozamoraec.com\/index.php\/wp-json\/wp\/v2\/posts\/13099"}],"collection":[{"href":"https:\/\/infozamoraec.com\/index.php\/wp-json\/wp\/v2\/posts"}],"about":[{"href":"https:\/\/infozamoraec.com\/index.php\/wp-json\/wp\/v2\/types\/post"}],"author":[{"embeddable":true,"href":"https:\/\/infozamoraec.com\/index.php\/wp-json\/wp\/v2\/users\/1"}],"replies":[{"embeddable":true,"href":"https:\/\/infozamoraec.com\/index.php\/wp-json\/wp\/v2\/comments?post=13099"}],"version-history":[{"count":2,"href":"https:\/\/infozamoraec.com\/index.php\/wp-json\/wp\/v2\/posts\/13099\/revisions"}],"predecessor-version":[{"id":13102,"href":"https:\/\/infozamoraec.com\/index.php\/wp-json\/wp\/v2\/posts\/13099\/revisions\/13102"}],"wp:featuredmedia":[{"embeddable":true,"href":"https:\/\/infozamoraec.com\/index.php\/wp-json\/wp\/v2\/media\/13100"}],"wp:attachment":[{"href":"https:\/\/infozamoraec.com\/index.php\/wp-json\/wp\/v2\/media?parent=13099"}],"wp:term":[{"taxonomy":"category","embeddable":true,"href":"https:\/\/infozamoraec.com\/index.php\/wp-json\/wp\/v2\/categories?post=13099"},{"taxonomy":"post_tag","embeddable":true,"href":"https:\/\/infozamoraec.com\/index.php\/wp-json\/wp\/v2\/tags?post=13099"}],"curies":[{"name":"wp","href":"https:\/\/api.w.org\/{rel}","templated":true}]}}