{"id":13092,"date":"2025-06-19T02:41:32","date_gmt":"2025-06-19T02:41:32","guid":{"rendered":"https:\/\/infozamoraec.com\/?p=13092"},"modified":"2025-06-19T02:41:32","modified_gmt":"2025-06-19T02:41:32","slug":"argentina-miles-salen-a-la-calle-para-apoyar-a-fernandez","status":"publish","type":"post","link":"https:\/\/infozamoraec.com\/index.php\/2025\/06\/19\/argentina-miles-salen-a-la-calle-para-apoyar-a-fernandez\/","title":{"rendered":"Argentina: miles salen a la calle para apoyar a Fern\u00e1ndez"},"content":{"rendered":"<p>Bajo el lema \u00ab<a class=\"internal-link\" href=\"https:\/\/www.dw.com\/es\/argentina\/t-17411654\" target=\"_blank\" rel=\"noopener\">Argentina<\/a>\u00a0con Cristina\u201d, decenas de miles de simpatizantes de la expresidenta\u00a0<a class=\"internal-link\" href=\"https:\/\/www.dw.com\/es\/fern%C3%A1ndez-de-kirchner-cristina\/t-18217752\" target=\"_blank\" rel=\"noopener\">Cristina Fern\u00e1ndez<\/a>\u00a0salieron a la calle en Buenos Aires este mi\u00e9rcoles (18.06.2025), para expresar su respaldo a la l\u00edder centroizquierdista, quien desde el martes 17 de junio cumple la condena de seis a\u00f1os de prisi\u00f3n -con el beneficio de c\u00e1rcel domiciliaria- por corrupci\u00f3n.<\/p>\n<p>Los manifestantes se concentraron en la emblem\u00e1tica Plaza de Mayo de Buenos Aires, frente a la casa de gobierno, y se derramaron en las calles aleda\u00f1as en una multitudinaria manifestaci\u00f3n convocada por el Partido Justicialista, que Fern\u00e1ndez preside. El equipo de la dirigente estima que a la manifestaci\u00f3n acudieron unas 500.000 personas.<\/p>\n<p>La concentraci\u00f3n, organizada por el Partido Justicialista (PJ, peronista), cuenta con la asistencia de alcaldes, gobernadores, dirigentes gremiales y sociales y de miles de seguidores de la exmandataria, adem\u00e1s de sindicatos, organizaciones pol\u00edticas y\u00a0movimientos estudiantiles, que portaban banderas argentinas y leyendas como \u00abla patria no se vende\u201d.<\/p>\n<h2>\u00abVamos a volver\u00bb<\/h2>\n<p>Presente en la Plaza de Mayo, el gobernador de la provincia de Buenos Aires, el peronista Axel Kicillof, dijo al canal C5N que la condena contra Fern\u00e1ndez es \u00ababsolutamente injusta, absolutamente fuera de la ley\u00bb. Movilizaciones similares, aunque menos multitudinarias, se replican en otras ciudades de toda Argentina.<\/p>\n<p>Por medio de un mensaje difundido por altavoces, la exmandataria dijo a sus seguidores que a ella podr\u00e1n encerrarla, pero al pueblo no. \u00abVamos a volver\u201d, apunt\u00f3 Fern\u00e1ndez. \u00abHay algo que tienen que entender:\u00a0pueden encerrarme a m\u00ed, pero no van a poder encerrar a todo el pueblo argentino. Vamos a volver, pero con m\u00e1s sabidur\u00eda, con m\u00e1s unidad, con m\u00e1s fuerza. Voy a seguir haciendo todo lo que est\u00e9 a mi alcance para estar ah\u00ed, con ustedes.\u00a0Lo vamos a hacer\u00a0porque tenemos algo que los dem\u00e1s no tienen, tenemos pueblo, tenemos memoria, tenemos patria\u00bb, sentenci\u00f3.<\/p>\n<p>DZC (EFE, AFP)<\/p>\n","protected":false},"excerpt":{"rendered":"<p>Bajo el lema \u00abArgentina\u00a0con Cristina\u201d, decenas de miles de simpatizantes de la expresidenta\u00a0Cristina Fern\u00e1ndez\u00a0salieron a la calle en Buenos Aires este mi\u00e9rcoles (18.06.2025), para expresar su respaldo a la l\u00edder centroizquierdista, quien desde el martes 17 de junio cumple la condena de seis a\u00f1os de prisi\u00f3n -con el beneficio de c\u00e1rcel domiciliaria- por corrupci\u00f3n. Los [&hellip;]<\/p>\n","protected":false},"author":1,"featured_media":13093,"comment_status":"open","ping_status":"open","sticky":false,"template":"","format":"standard","meta":{"footnotes":""},"categories":[8],"tags":[],"_links":{"self":[{"href":"https:\/\/infozamoraec.com\/index.php\/wp-json\/wp\/v2\/posts\/13092"}],"collection":[{"href":"https:\/\/infozamoraec.com\/index.php\/wp-json\/wp\/v2\/posts"}],"about":[{"href":"https:\/\/infozamoraec.com\/index.php\/wp-json\/wp\/v2\/types\/post"}],"author":[{"embeddable":true,"href":"https:\/\/infozamoraec.com\/index.php\/wp-json\/wp\/v2\/users\/1"}],"replies":[{"embeddable":true,"href":"https:\/\/infozamoraec.com\/index.php\/wp-json\/wp\/v2\/comments?post=13092"}],"version-history":[{"count":1,"href":"https:\/\/infozamoraec.com\/index.php\/wp-json\/wp\/v2\/posts\/13092\/revisions"}],"predecessor-version":[{"id":13094,"href":"https:\/\/infozamoraec.com\/index.php\/wp-json\/wp\/v2\/posts\/13092\/revisions\/13094"}],"wp:featuredmedia":[{"embeddable":true,"href":"https:\/\/infozamoraec.com\/index.php\/wp-json\/wp\/v2\/media\/13093"}],"wp:attachment":[{"href":"https:\/\/infozamoraec.com\/index.php\/wp-json\/wp\/v2\/media?parent=13092"}],"wp:term":[{"taxonomy":"category","embeddable":true,"href":"https:\/\/infozamoraec.com\/index.php\/wp-json\/wp\/v2\/categories?post=13092"},{"taxonomy":"post_tag","embeddable":true,"href":"https:\/\/infozamoraec.com\/index.php\/wp-json\/wp\/v2\/tags?post=13092"}],"curies":[{"name":"wp","href":"https:\/\/api.w.org\/{rel}","templated":true}]}}