{"id":13079,"date":"2025-06-19T02:17:17","date_gmt":"2025-06-19T02:17:17","guid":{"rendered":"https:\/\/infozamoraec.com\/?p=13079"},"modified":"2025-06-19T02:17:17","modified_gmt":"2025-06-19T02:17:17","slug":"erick-se-convierte-en-poderoso-huracan-y-avanza-hacia-mexico","status":"publish","type":"post","link":"https:\/\/infozamoraec.com\/index.php\/2025\/06\/19\/erick-se-convierte-en-poderoso-huracan-y-avanza-hacia-mexico\/","title":{"rendered":"Erick se convierte en poderoso hurac\u00e1n y avanza hacia M\u00e9xico"},"content":{"rendered":"<p>El\u00a0<a class=\"internal-link\" href=\"https:\/\/www.dw.com\/es\/tormenta-erick-se-convierte-en-hurac%C3%A1n-en-el-pac%C3%ADfico-cerca-de-m%C3%A9xico\/a-72963420\" target=\"_blank\" rel=\"noopener\">hurac\u00e1n Erick<\/a>\u00a0gan\u00f3 m\u00e1s fuerza este mi\u00e9rcoles (18.06.2025) para alcanzar la categor\u00eda 3 de la escala Saffir-Simpson (de 5) en su avance hacia la costa sur del Pac\u00edfico\u00a0<a class=\"internal-link\" href=\"https:\/\/www.dw.com\/es\/m%C3%A9xico\/t-17409380\" target=\"_blank\" rel=\"noopener\">mexicano<\/a>, inform\u00f3 el Centro Nacional Huracanes de Estados Unidos (NHC).<\/p>\n<p>El bolet\u00edn del NHC detalla que hacia las 00h00 GMT, Erick se encontraba a 90 kil\u00f3metros de Puerto \u00c1ngel (sur) con vientos sostenidos de 195 kil\u00f3metros por hora, considerados \u00abpotencialmente catastr\u00f3ficos\u00bb.<\/p>\n<h2>Sheinbaum alerta sobre riesgos<\/h2>\n<p>La presidenta Claudia Sheinbaum\u00a0llam\u00f3 a\u00a0la poblaci\u00f3n a resguardarse y atender las indicaciones de Protecci\u00f3n Civil ante el inminente impacto del hurac\u00e1n,\u00a0que se prev\u00e9 toque tierra la madrugada del jueves en la frontera entre los estados de Oaxaca y Guerrero, en el Pac\u00edfico mexicano.<\/p>\n<p>A trav\u00e9s de sus redes sociales, Sheinbaum pidi\u00f3 a quienes habiten en zonas bajas o cerca de r\u00edos acudir de inmediato a los refugios temporales habilitados.\u00a0Tambi\u00e9n anunci\u00f3 la suspensi\u00f3n de clases.<\/p>\n<p>El cicl\u00f3n ya provoca lluvias extraordinarias\u00a0en Oaxaca y\u00a0precipitaciones torrenciales en Guerrero y Chiapas.<\/p>\n<p>\u201cSe pide a la poblaci\u00f3n permanecer en sus hogares; si vive en zonas bajas y cerca de cauces de r\u00edos, acudir a los refugios dispuestos. Por favor, est\u00e9n atentos a la informaci\u00f3n oficial\u201d, escribi\u00f3 Sheinbaum.<\/p>\n<p>Las autoridades de los tres niveles de gobierno intensificaron desde el martes los avisos preventivos, a diferencia de lo ocurrido con el hurac\u00e1n Otis en 2023 y el hurac\u00e1n John en 2024, que dejaron 29 muertos en el sur del pa\u00eds.<\/p>\n<p>Expertos advierten sobre riesgos de deslaves, crecidas de r\u00edos e inundaciones. La temporada de huracanes 2025 podr\u00eda traer hasta 37 ciclones con nombre, de los cuales cinco tendr\u00edan impacto directo en territorio mexicano.<\/p>\n<p>gs (afp, ap, efe)<\/p>\n","protected":false},"excerpt":{"rendered":"<p>El\u00a0hurac\u00e1n Erick\u00a0gan\u00f3 m\u00e1s fuerza este mi\u00e9rcoles (18.06.2025) para alcanzar la categor\u00eda 3 de la escala Saffir-Simpson (de 5) en su avance hacia la costa sur del Pac\u00edfico\u00a0mexicano, inform\u00f3 el Centro Nacional Huracanes de Estados Unidos (NHC). El bolet\u00edn del NHC detalla que hacia las 00h00 GMT, Erick se encontraba a 90 kil\u00f3metros de Puerto \u00c1ngel [&hellip;]<\/p>\n","protected":false},"author":1,"featured_media":13080,"comment_status":"open","ping_status":"open","sticky":false,"template":"","format":"standard","meta":{"footnotes":""},"categories":[8],"tags":[],"_links":{"self":[{"href":"https:\/\/infozamoraec.com\/index.php\/wp-json\/wp\/v2\/posts\/13079"}],"collection":[{"href":"https:\/\/infozamoraec.com\/index.php\/wp-json\/wp\/v2\/posts"}],"about":[{"href":"https:\/\/infozamoraec.com\/index.php\/wp-json\/wp\/v2\/types\/post"}],"author":[{"embeddable":true,"href":"https:\/\/infozamoraec.com\/index.php\/wp-json\/wp\/v2\/users\/1"}],"replies":[{"embeddable":true,"href":"https:\/\/infozamoraec.com\/index.php\/wp-json\/wp\/v2\/comments?post=13079"}],"version-history":[{"count":1,"href":"https:\/\/infozamoraec.com\/index.php\/wp-json\/wp\/v2\/posts\/13079\/revisions"}],"predecessor-version":[{"id":13081,"href":"https:\/\/infozamoraec.com\/index.php\/wp-json\/wp\/v2\/posts\/13079\/revisions\/13081"}],"wp:featuredmedia":[{"embeddable":true,"href":"https:\/\/infozamoraec.com\/index.php\/wp-json\/wp\/v2\/media\/13080"}],"wp:attachment":[{"href":"https:\/\/infozamoraec.com\/index.php\/wp-json\/wp\/v2\/media?parent=13079"}],"wp:term":[{"taxonomy":"category","embeddable":true,"href":"https:\/\/infozamoraec.com\/index.php\/wp-json\/wp\/v2\/categories?post=13079"},{"taxonomy":"post_tag","embeddable":true,"href":"https:\/\/infozamoraec.com\/index.php\/wp-json\/wp\/v2\/tags?post=13079"}],"curies":[{"name":"wp","href":"https:\/\/api.w.org\/{rel}","templated":true}]}}