{"id":13066,"date":"2025-06-19T01:53:48","date_gmt":"2025-06-19T01:53:48","guid":{"rendered":"https:\/\/infozamoraec.com\/?p=13066"},"modified":"2025-06-19T01:54:48","modified_gmt":"2025-06-19T01:54:48","slug":"concejo-municipal-de-chinchipe-reafirma-su-compromiso-legislativo-y-de-fiscalizacion","status":"publish","type":"post","link":"https:\/\/infozamoraec.com\/index.php\/2025\/06\/19\/concejo-municipal-de-chinchipe-reafirma-su-compromiso-legislativo-y-de-fiscalizacion\/","title":{"rendered":"Concejo Municipal de Chinchipe reafirma su compromiso legislativo y de fiscalizaci\u00f3n"},"content":{"rendered":"<p>En un ejercicio democr\u00e1tico y transparente, el Concejo Municipal de Chinchipe, presidido por el alcalde Henry Ordo\u00f1ez, llev\u00f3 a cabo una sesi\u00f3n ordinaria la ma\u00f1ana del mi\u00e9rcoles 18 de junio de 2025 en el sal\u00f3n auditorio municipal. La jornada cont\u00f3 con la presencia de todos los ediles: Johanna Vel\u00e1squez Jim\u00e9nez, Gabriela Rodr\u00edguez, Medardo Celi, Silvio Cueva y Efra\u00edn Lalangui, as\u00ed como del asesor jur\u00eddico Luis Bravo Cumbicus.<\/p>\n<p>Durante esta sesi\u00f3n se abordaron y debatieron temas de inter\u00e9s para el cant\u00f3n, priorizando siempre el bienestar de la ciudadan\u00eda. Las decisiones adoptadas reflejan el compromiso de las autoridades con los principios de justicia, equidad y legalidad, en concordancia con lo establecido en el C\u00f3digo Org\u00e1nico de Organizaci\u00f3n Territorial, Autonom\u00eda y Descentralizaci\u00f3n (COOTAD).<\/p>\n<p>El Gobierno Aut\u00f3nomo Descentralizado de Chinchipe reafirma su compromiso con la construcci\u00f3n de un cant\u00f3n m\u00e1s justo, transparente y participativo, enfocado en impulsar obras y acciones que generen desarrollo y bienestar para todos los chinchipenses.<\/p>\n","protected":false},"excerpt":{"rendered":"<p>En un ejercicio democr\u00e1tico y transparente, el Concejo Municipal de Chinchipe, presidido por el alcalde Henry Ordo\u00f1ez, llev\u00f3 a cabo una sesi\u00f3n ordinaria la ma\u00f1ana del mi\u00e9rcoles 18 de junio de 2025 en el sal\u00f3n auditorio municipal. La jornada cont\u00f3 con la presencia de todos los ediles: Johanna Vel\u00e1squez Jim\u00e9nez, Gabriela Rodr\u00edguez, Medardo Celi, Silvio [&hellip;]<\/p>\n","protected":false},"author":1,"featured_media":13067,"comment_status":"open","ping_status":"open","sticky":false,"template":"","format":"standard","meta":{"footnotes":""},"categories":[9],"tags":[],"_links":{"self":[{"href":"https:\/\/infozamoraec.com\/index.php\/wp-json\/wp\/v2\/posts\/13066"}],"collection":[{"href":"https:\/\/infozamoraec.com\/index.php\/wp-json\/wp\/v2\/posts"}],"about":[{"href":"https:\/\/infozamoraec.com\/index.php\/wp-json\/wp\/v2\/types\/post"}],"author":[{"embeddable":true,"href":"https:\/\/infozamoraec.com\/index.php\/wp-json\/wp\/v2\/users\/1"}],"replies":[{"embeddable":true,"href":"https:\/\/infozamoraec.com\/index.php\/wp-json\/wp\/v2\/comments?post=13066"}],"version-history":[{"count":1,"href":"https:\/\/infozamoraec.com\/index.php\/wp-json\/wp\/v2\/posts\/13066\/revisions"}],"predecessor-version":[{"id":13068,"href":"https:\/\/infozamoraec.com\/index.php\/wp-json\/wp\/v2\/posts\/13066\/revisions\/13068"}],"wp:featuredmedia":[{"embeddable":true,"href":"https:\/\/infozamoraec.com\/index.php\/wp-json\/wp\/v2\/media\/13067"}],"wp:attachment":[{"href":"https:\/\/infozamoraec.com\/index.php\/wp-json\/wp\/v2\/media?parent=13066"}],"wp:term":[{"taxonomy":"category","embeddable":true,"href":"https:\/\/infozamoraec.com\/index.php\/wp-json\/wp\/v2\/categories?post=13066"},{"taxonomy":"post_tag","embeddable":true,"href":"https:\/\/infozamoraec.com\/index.php\/wp-json\/wp\/v2\/tags?post=13066"}],"curies":[{"name":"wp","href":"https:\/\/api.w.org\/{rel}","templated":true}]}}