{"id":13063,"date":"2025-06-19T01:48:08","date_gmt":"2025-06-19T01:48:08","guid":{"rendered":"https:\/\/infozamoraec.com\/?p=13063"},"modified":"2025-06-19T01:48:08","modified_gmt":"2025-06-19T01:48:08","slug":"palanda-impulsa-su-desarrollo-ganadero-con-el-lanzamiento-del-segundo-ano-del-proyecto-de-inseminacion-artificial","status":"publish","type":"post","link":"https:\/\/infozamoraec.com\/index.php\/2025\/06\/19\/palanda-impulsa-su-desarrollo-ganadero-con-el-lanzamiento-del-segundo-ano-del-proyecto-de-inseminacion-artificial\/","title":{"rendered":"Palanda impulsa su desarrollo ganadero con el lanzamiento del segundo a\u00f1o del proyecto de inseminaci\u00f3n artificial"},"content":{"rendered":"<p data-start=\"133\" data-end=\"295\">La iniciativa busca mejorar la gen\u00e9tica del ganado bovino y fortalecer la productividad del sector agropecuario en el cant\u00f3n.<\/p>\n<p data-start=\"326\" data-end=\"594\">\u00a0Con el firme prop\u00f3sito de fortalecer el desarrollo ganadero y elevar la productividad agropecuaria en la zona, la ma\u00f1ana de este 18 de\u00a0 junio se realiz\u00f3 el <strong data-start=\"493\" data-end=\"572\">lanzamiento oficial del segundo a\u00f1o del proyecto de inseminaci\u00f3n artificial<\/strong> en el cant\u00f3n Palanda.<\/p>\n<p data-start=\"596\" data-end=\"1000\">El evento cont\u00f3 con la presencia del alcalde <strong data-start=\"641\" data-end=\"677\">Segundo Misael Jaramillo Quezada<\/strong>, junto a los concejales del cant\u00f3n, quienes reafirmaron su compromiso con el crecimiento sostenible del sector agr\u00edcola y pecuario. En sus intervenciones, destacaron la importancia de aplicar tecnolog\u00edas modernas para mejorar la calidad gen\u00e9tica del ganado bovino y brindar mejores oportunidades a los productores locales.<\/p>\n<p data-start=\"1002\" data-end=\"1298\">Este proyecto es fruto del <strong data-start=\"1029\" data-end=\"1155\">trabajo articulado entre el Gobierno Aut\u00f3nomo Descentralizado (GAD) del cant\u00f3n Palanda y la Prefectura de Zamora Chinchipe<\/strong>, a trav\u00e9s de su empresa p\u00fablica <strong data-start=\"1188\" data-end=\"1203\">Agropzachin<\/strong>, que proporciona el soporte t\u00e9cnico y operativo necesario para la implementaci\u00f3n del programa.<\/p>\n<p data-start=\"1300\" data-end=\"1549\">La inseminaci\u00f3n artificial se perfila como una herramienta clave para optimizar los procesos reproductivos del ganado, permitiendo a los productores acceder a ejemplares con mejores caracter\u00edsticas gen\u00e9ticas, mayor rendimiento y valor en el mercado.<\/p>\n<blockquote data-start=\"1551\" data-end=\"1739\">\n<p data-start=\"1553\" data-end=\"1739\">\u201cEste es un paso m\u00e1s hacia una ganader\u00eda m\u00e1s eficiente, moderna y competitiva. Nuestro compromiso es con el campo y sus familias\u201d, expres\u00f3 el alcalde Jaramillo durante el acto inaugural.<\/p>\n<\/blockquote>\n<p data-start=\"1741\" data-end=\"2008\">Los <strong data-start=\"1745\" data-end=\"1801\">productores interesados en participar en el programa<\/strong> pueden <strong data-start=\"1809\" data-end=\"1907\">inscribirse en el Departamento de Coordinaci\u00f3n Ambiental y Producci\u00f3n del Municipio de Palanda<\/strong>.<br data-start=\"1908\" data-end=\"1911\" \/>Para m\u00e1s informaci\u00f3n o consultas, est\u00e1n habilitados los n\u00fameros: <strong data-start=\"1976\" data-end=\"1990\">0962561270<\/strong> y <strong data-start=\"1993\" data-end=\"2007\">0993277157<\/strong>.<\/p>\n<p data-start=\"2010\" data-end=\"2181\">Con esta iniciativa, Palanda avanza hacia un modelo de desarrollo agropecuario sustentable, con innovaci\u00f3n y acompa\u00f1amiento t\u00e9cnico al servicio de sus comunidades rurales.<\/p>\n","protected":false},"excerpt":{"rendered":"<p>La iniciativa busca mejorar la gen\u00e9tica del ganado bovino y fortalecer la productividad del sector agropecuario en el cant\u00f3n. \u00a0Con el firme prop\u00f3sito de fortalecer el desarrollo ganadero y elevar la productividad agropecuaria en la zona, la ma\u00f1ana de este 18 de\u00a0 junio se realiz\u00f3 el lanzamiento oficial del segundo a\u00f1o del proyecto de inseminaci\u00f3n [&hellip;]<\/p>\n","protected":false},"author":1,"featured_media":13064,"comment_status":"open","ping_status":"open","sticky":false,"template":"","format":"standard","meta":{"footnotes":""},"categories":[9],"tags":[],"_links":{"self":[{"href":"https:\/\/infozamoraec.com\/index.php\/wp-json\/wp\/v2\/posts\/13063"}],"collection":[{"href":"https:\/\/infozamoraec.com\/index.php\/wp-json\/wp\/v2\/posts"}],"about":[{"href":"https:\/\/infozamoraec.com\/index.php\/wp-json\/wp\/v2\/types\/post"}],"author":[{"embeddable":true,"href":"https:\/\/infozamoraec.com\/index.php\/wp-json\/wp\/v2\/users\/1"}],"replies":[{"embeddable":true,"href":"https:\/\/infozamoraec.com\/index.php\/wp-json\/wp\/v2\/comments?post=13063"}],"version-history":[{"count":1,"href":"https:\/\/infozamoraec.com\/index.php\/wp-json\/wp\/v2\/posts\/13063\/revisions"}],"predecessor-version":[{"id":13065,"href":"https:\/\/infozamoraec.com\/index.php\/wp-json\/wp\/v2\/posts\/13063\/revisions\/13065"}],"wp:featuredmedia":[{"embeddable":true,"href":"https:\/\/infozamoraec.com\/index.php\/wp-json\/wp\/v2\/media\/13064"}],"wp:attachment":[{"href":"https:\/\/infozamoraec.com\/index.php\/wp-json\/wp\/v2\/media?parent=13063"}],"wp:term":[{"taxonomy":"category","embeddable":true,"href":"https:\/\/infozamoraec.com\/index.php\/wp-json\/wp\/v2\/categories?post=13063"},{"taxonomy":"post_tag","embeddable":true,"href":"https:\/\/infozamoraec.com\/index.php\/wp-json\/wp\/v2\/tags?post=13063"}],"curies":[{"name":"wp","href":"https:\/\/api.w.org\/{rel}","templated":true}]}}