{"id":13060,"date":"2025-06-19T01:41:49","date_gmt":"2025-06-19T01:41:49","guid":{"rendered":"https:\/\/infozamoraec.com\/?p=13060"},"modified":"2025-06-19T01:41:49","modified_gmt":"2025-06-19T01:41:49","slug":"zamora-chinchipe-se-proyecta-al-pais-y-al-mundo-como-cuna-del-cacao-y-territorio-de-riqueza-cultural","status":"publish","type":"post","link":"https:\/\/infozamoraec.com\/index.php\/2025\/06\/19\/zamora-chinchipe-se-proyecta-al-pais-y-al-mundo-como-cuna-del-cacao-y-territorio-de-riqueza-cultural\/","title":{"rendered":"Zamora Chinchipe se proyecta al pa\u00eds y al mundo como cuna del cacao y territorio de riqueza cultural"},"content":{"rendered":"<p data-start=\"320\" data-end=\"655\">\u00a0Con el objetivo de posicionar a Zamora Chinchipe como cuna hist\u00f3rica del cacao y destacar su inmensa riqueza cultural, la prefecta Karla Re\u00e1tegui desarroll\u00f3 una intensa agenda de promoci\u00f3n en la ciudad de Quito, llevando el nombre de la provincia a espacios estrat\u00e9gicos a nivel nacional e internacional.<\/p>\n<p data-start=\"657\" data-end=\"946\">Durante esta gira, la autoridad provincial present\u00f3 oficialmente la <strong data-start=\"725\" data-end=\"755\">Feria Provincial del Cacao<\/strong>, evento emblem\u00e1tico que se realizar\u00e1 el <strong data-start=\"796\" data-end=\"834\">12 de julio en el cant\u00f3n El Pangui<\/strong>, y que espera recibir a visitantes de todo el pa\u00eds bajo el lema: <em data-start=\"900\" data-end=\"945\">\u201cSabor a historia, cacao y territorio vivo\u201d<\/em>.<\/p>\n<p data-start=\"948\" data-end=\"1422\">Entre las actividades destacadas, Re\u00e1tegui mantuvo encuentros con <strong data-start=\"1014\" data-end=\"1051\">medios de comunicaci\u00f3n nacionales<\/strong>, logrando una amplia difusi\u00f3n de la identidad amaz\u00f3nica y de los productos emblem\u00e1ticos de la zona. Adem\u00e1s, se concretaron reuniones con la <strong data-start=\"1192\" data-end=\"1219\">Canciller\u00eda del Ecuador<\/strong>, la <strong data-start=\"1224\" data-end=\"1246\">Embajada de Panam\u00e1<\/strong>, y se establecieron alianzas con el <strong data-start=\"1283\" data-end=\"1353\">IICA (Instituto Interamericano de Cooperaci\u00f3n para la Agricultura)<\/strong> para fortalecer el impulso productivo y cultural del cacao zamorano.<\/p>\n<blockquote data-start=\"1424\" data-end=\"1631\">\n<p data-start=\"1426\" data-end=\"1631\">\u201cEl cacao que nace en Zamora Chinchipe no solo tiene aroma y sabor, tiene historia. Esta tierra es origen, y estamos listos para mostr\u00e1rselo al mundo\u201d, se\u00f1al\u00f3 la prefecta durante una de sus intervenciones.<\/p>\n<\/blockquote>\n<p data-start=\"1633\" data-end=\"1939\">Con este tipo de acciones, Zamora Chinchipe reafirma su compromiso con el desarrollo econ\u00f3mico, el turismo rural comunitario y la protecci\u00f3n de sus saberes ancestrales. La Feria del Cacao se perfila como un espacio clave para el intercambio comercial, cultural y tur\u00edstico de toda la Amazon\u00eda sur del pa\u00eds.<\/p>\n","protected":false},"excerpt":{"rendered":"<p>\u00a0Con el objetivo de posicionar a Zamora Chinchipe como cuna hist\u00f3rica del cacao y destacar su inmensa riqueza cultural, la prefecta Karla Re\u00e1tegui desarroll\u00f3 una intensa agenda de promoci\u00f3n en la ciudad de Quito, llevando el nombre de la provincia a espacios estrat\u00e9gicos a nivel nacional e internacional. Durante esta gira, la autoridad provincial present\u00f3 [&hellip;]<\/p>\n","protected":false},"author":1,"featured_media":13061,"comment_status":"open","ping_status":"open","sticky":false,"template":"","format":"standard","meta":{"footnotes":""},"categories":[9],"tags":[],"_links":{"self":[{"href":"https:\/\/infozamoraec.com\/index.php\/wp-json\/wp\/v2\/posts\/13060"}],"collection":[{"href":"https:\/\/infozamoraec.com\/index.php\/wp-json\/wp\/v2\/posts"}],"about":[{"href":"https:\/\/infozamoraec.com\/index.php\/wp-json\/wp\/v2\/types\/post"}],"author":[{"embeddable":true,"href":"https:\/\/infozamoraec.com\/index.php\/wp-json\/wp\/v2\/users\/1"}],"replies":[{"embeddable":true,"href":"https:\/\/infozamoraec.com\/index.php\/wp-json\/wp\/v2\/comments?post=13060"}],"version-history":[{"count":1,"href":"https:\/\/infozamoraec.com\/index.php\/wp-json\/wp\/v2\/posts\/13060\/revisions"}],"predecessor-version":[{"id":13062,"href":"https:\/\/infozamoraec.com\/index.php\/wp-json\/wp\/v2\/posts\/13060\/revisions\/13062"}],"wp:featuredmedia":[{"embeddable":true,"href":"https:\/\/infozamoraec.com\/index.php\/wp-json\/wp\/v2\/media\/13061"}],"wp:attachment":[{"href":"https:\/\/infozamoraec.com\/index.php\/wp-json\/wp\/v2\/media?parent=13060"}],"wp:term":[{"taxonomy":"category","embeddable":true,"href":"https:\/\/infozamoraec.com\/index.php\/wp-json\/wp\/v2\/categories?post=13060"},{"taxonomy":"post_tag","embeddable":true,"href":"https:\/\/infozamoraec.com\/index.php\/wp-json\/wp\/v2\/tags?post=13060"}],"curies":[{"name":"wp","href":"https:\/\/api.w.org\/{rel}","templated":true}]}}