{"id":13047,"date":"2025-06-18T02:48:11","date_gmt":"2025-06-18T02:48:11","guid":{"rendered":"https:\/\/infozamoraec.com\/?p=13047"},"modified":"2025-06-18T03:03:50","modified_gmt":"2025-06-18T03:03:50","slug":"venezuela-con-casi-1-000-presos-politicos-segun-foro-penal","status":"publish","type":"post","link":"https:\/\/infozamoraec.com\/index.php\/2025\/06\/18\/venezuela-con-casi-1-000-presos-politicos-segun-foro-penal\/","title":{"rendered":"Venezuela con casi 1.000 presos pol\u00edticos, seg\u00fan Foro Penal"},"content":{"rendered":"<p>La ONG Foro Penal cifr\u00f3 en 932 la cifra de presos pol\u00edticos en\u00a0<a class=\"internal-link\" href=\"https:\/\/www.dw.com\/es\/venezuela\/t-17410652\" target=\"_blank\" rel=\"noopener\">Venezuela<\/a>, tras la liberaci\u00f3n reciente de un adolescente arrestado luego de las elecciones presidenciales de 2024, se inform\u00f3 el martes (17.06.2025).<\/p>\n<p>En un conteo publicado en la red social X, la organizaci\u00f3n precis\u00f3 que la cifra de personas encarceladas por razones pol\u00edticas aument\u00f3 en seis al 16 de junio, con respecto al \u00faltimo reporte.<\/p>\n<p>Asimismo, detall\u00f3 que el grupo de detenidos est\u00e1 compuesto por 837 hombres y 95 mujeres, de los cuales 928 son adultos y cuatro adolescentes con edades de 14 a 17 a\u00f1os de edad.<\/p>\n<p>El gobierno excarcel\u00f3 d\u00edas atr\u00e1s a uno de los cinco menores que permanec\u00edan detenidos en el contexto de las protestas que se desataron tras los comicios presidenciales de 2024, donde el ente electoral proclam\u00f3 al mandatario Nicol\u00e1s Maduro como ganador, pese a las denuncias de fraude de la oposici\u00f3n mayoritaria.<\/p>\n<p>El Foro Penal tambi\u00e9n confirm\u00f3 que el n\u00famero de detenidos con doble nacionalidad se mantiene en 82, sin cambios respecto al informe anterior.<\/p>\n<p>Desde 2014, la ONG ha documentado un total de 18.420 casos que considera \u00abdetenciones pol\u00edticas\u00bb.<\/p>\n<p>Tanto Maduro como el fiscal general de Venezuela,\u00a0<a class=\"internal-link\" href=\"https:\/\/www.dw.com\/es\/saab-tarek-william\/t-40001553\" target=\"_blank\" rel=\"noopener\">Tarek William Saab<\/a>, niegan que en el pa\u00eds haya personas detenidas por motivos pol\u00edticos, sino que aseguran cometieron delitos, una afirmaci\u00f3n que rechazan varias ONG y l\u00edderes opositores.<\/p>\n<p>gs (efe, Foro Penal)<\/p>\n","protected":false},"excerpt":{"rendered":"<p>La ONG Foro Penal cifr\u00f3 en 932 la cifra de presos pol\u00edticos en\u00a0Venezuela, tras la liberaci\u00f3n reciente de un adolescente arrestado luego de las elecciones presidenciales de 2024, se inform\u00f3 el martes (17.06.2025). En un conteo publicado en la red social X, la organizaci\u00f3n precis\u00f3 que la cifra de personas encarceladas por razones pol\u00edticas aument\u00f3 [&hellip;]<\/p>\n","protected":false},"author":1,"featured_media":13048,"comment_status":"open","ping_status":"open","sticky":false,"template":"","format":"standard","meta":{"footnotes":""},"categories":[8],"tags":[],"_links":{"self":[{"href":"https:\/\/infozamoraec.com\/index.php\/wp-json\/wp\/v2\/posts\/13047"}],"collection":[{"href":"https:\/\/infozamoraec.com\/index.php\/wp-json\/wp\/v2\/posts"}],"about":[{"href":"https:\/\/infozamoraec.com\/index.php\/wp-json\/wp\/v2\/types\/post"}],"author":[{"embeddable":true,"href":"https:\/\/infozamoraec.com\/index.php\/wp-json\/wp\/v2\/users\/1"}],"replies":[{"embeddable":true,"href":"https:\/\/infozamoraec.com\/index.php\/wp-json\/wp\/v2\/comments?post=13047"}],"version-history":[{"count":1,"href":"https:\/\/infozamoraec.com\/index.php\/wp-json\/wp\/v2\/posts\/13047\/revisions"}],"predecessor-version":[{"id":13049,"href":"https:\/\/infozamoraec.com\/index.php\/wp-json\/wp\/v2\/posts\/13047\/revisions\/13049"}],"wp:featuredmedia":[{"embeddable":true,"href":"https:\/\/infozamoraec.com\/index.php\/wp-json\/wp\/v2\/media\/13048"}],"wp:attachment":[{"href":"https:\/\/infozamoraec.com\/index.php\/wp-json\/wp\/v2\/media?parent=13047"}],"wp:term":[{"taxonomy":"category","embeddable":true,"href":"https:\/\/infozamoraec.com\/index.php\/wp-json\/wp\/v2\/categories?post=13047"},{"taxonomy":"post_tag","embeddable":true,"href":"https:\/\/infozamoraec.com\/index.php\/wp-json\/wp\/v2\/tags?post=13047"}],"curies":[{"name":"wp","href":"https:\/\/api.w.org\/{rel}","templated":true}]}}