{"id":13044,"date":"2025-06-18T02:46:11","date_gmt":"2025-06-18T02:46:11","guid":{"rendered":"https:\/\/infozamoraec.com\/?p=13044"},"modified":"2025-06-18T02:46:30","modified_gmt":"2025-06-18T02:46:30","slug":"senado-de-colombia-aprueba-la-reforma-laboral-de-petro","status":"publish","type":"post","link":"https:\/\/infozamoraec.com\/index.php\/2025\/06\/18\/senado-de-colombia-aprueba-la-reforma-laboral-de-petro\/","title":{"rendered":"Senado de Colombia aprueba la reforma laboral de Petro"},"content":{"rendered":"<p>El Senado\u00a0<a class=\"internal-link\" href=\"https:\/\/www.dw.com\/es\/colombia\/t-17411736\" target=\"_blank\" rel=\"noopener\">colombiano<\/a>aprob\u00f3 este martes (17.06.2025), en \u00faltimo debate, la reforma laboral del Gobierno, que fue revivida despu\u00e9s de un primer rechazo, con lo cual pasar\u00e1 a conciliaci\u00f3n con el texto aprobado por la C\u00e1mara de Representantes y luego a sanci\u00f3n del presidente\u00a0<a class=\"internal-link\" href=\"https:\/\/www.dw.com\/es\/gustavo-petro\/t-42895097\" target=\"_blank\" rel=\"noopener\">Gustavo Petro<\/a>\u00a0para convertirse en ley.<\/p>\n<p>Con 56 votos a favor y 31 en contra, el proyecto de reforma laboral, una de las principales promesas de Gobierno de Petro, fue avalado por la c\u00e1mara alta. Ahora, el pa\u00eds est\u00e1 a la espera de lo que suceda con la consulta popular que el mandatario convoc\u00f3 por decreto para aprobar esta iniciativa si finalmente no era aprobada en el Senado.<\/p>\n<p>\u00abEstamos satisfechos por lo que se hizo aqu\u00ed en el Senado. Este es el mayor legado del Gobierno Petro a los trabajadores y trabajadoras de Colombia. Sin embargo, hace falta la conciliaci\u00f3n, que es el \u00faltimo punto y se tiene que hacer antes del pr\u00f3ximo viernes\u00bb, d\u00eda en que termina el periodo ordinario de sesiones legislativas, expres\u00f3 el ministro del Interior, Armando Benedetti.<\/p>\n<p>La reforma aprobada incluye el aumento de dos horas diarias de recargo nocturno, que actualmente empieza a las nueve de la noche y fue fijado a las 7.00 pm, aunque el Gobierno quer\u00eda que fuera a las 6.00 pm; que el contrato de aprendizaje de los estudiantes del Servicio Nacional de Aprendizaje (SENA) tenga car\u00e1cter laboral, garant\u00edas de los derechos sindicales y la regulaci\u00f3n del trabajo en plataformas digitales, entre otros.<\/p>\n<p>La laboral es una de las m\u00faltiples reformas que ha presentado Petro en el Congreso, de las cuales solo han conseguido superar el tr\u00e1mite legislativo la tributaria y la pensional, mientras que las de salud o educaci\u00f3n han sido rechazadas.<\/p>\n<p>El Senado rechaz\u00f3 en marzo pasado el proyecto de reforma laboral de Petro y luego, el 14 de mayo, hundi\u00f3 tambi\u00e9n, por 49 votos contra 47, la petici\u00f3n del mandatario de convocar una consulta popular para que sea el pueblo el que decida sobre los cambios en las leyes del trabajo.<\/p>\n<p>A pesar de todo esto, el Senado se enfoc\u00f3 en sacar en tiempo r\u00e9cord, como finalmente ocurri\u00f3, la reforma que hab\u00eda sido hundida inicialmente en marzo y que fue revivida el d\u00eda en que se rechaz\u00f3 la consulta popular.<\/p>\n<p>jc (efe, El Tiempo, W Radio)<\/p>\n","protected":false},"excerpt":{"rendered":"<p>El Senado\u00a0colombianoaprob\u00f3 este martes (17.06.2025), en \u00faltimo debate, la reforma laboral del Gobierno, que fue revivida despu\u00e9s de un primer rechazo, con lo cual pasar\u00e1 a conciliaci\u00f3n con el texto aprobado por la C\u00e1mara de Representantes y luego a sanci\u00f3n del presidente\u00a0Gustavo Petro\u00a0para convertirse en ley. Con 56 votos a favor y 31 en contra, [&hellip;]<\/p>\n","protected":false},"author":1,"featured_media":13045,"comment_status":"open","ping_status":"open","sticky":false,"template":"","format":"standard","meta":{"footnotes":""},"categories":[8],"tags":[],"_links":{"self":[{"href":"https:\/\/infozamoraec.com\/index.php\/wp-json\/wp\/v2\/posts\/13044"}],"collection":[{"href":"https:\/\/infozamoraec.com\/index.php\/wp-json\/wp\/v2\/posts"}],"about":[{"href":"https:\/\/infozamoraec.com\/index.php\/wp-json\/wp\/v2\/types\/post"}],"author":[{"embeddable":true,"href":"https:\/\/infozamoraec.com\/index.php\/wp-json\/wp\/v2\/users\/1"}],"replies":[{"embeddable":true,"href":"https:\/\/infozamoraec.com\/index.php\/wp-json\/wp\/v2\/comments?post=13044"}],"version-history":[{"count":1,"href":"https:\/\/infozamoraec.com\/index.php\/wp-json\/wp\/v2\/posts\/13044\/revisions"}],"predecessor-version":[{"id":13046,"href":"https:\/\/infozamoraec.com\/index.php\/wp-json\/wp\/v2\/posts\/13044\/revisions\/13046"}],"wp:featuredmedia":[{"embeddable":true,"href":"https:\/\/infozamoraec.com\/index.php\/wp-json\/wp\/v2\/media\/13045"}],"wp:attachment":[{"href":"https:\/\/infozamoraec.com\/index.php\/wp-json\/wp\/v2\/media?parent=13044"}],"wp:term":[{"taxonomy":"category","embeddable":true,"href":"https:\/\/infozamoraec.com\/index.php\/wp-json\/wp\/v2\/categories?post=13044"},{"taxonomy":"post_tag","embeddable":true,"href":"https:\/\/infozamoraec.com\/index.php\/wp-json\/wp\/v2\/tags?post=13044"}],"curies":[{"name":"wp","href":"https:\/\/api.w.org\/{rel}","templated":true}]}}