{"id":13029,"date":"2025-06-18T01:16:15","date_gmt":"2025-06-18T01:16:15","guid":{"rendered":"https:\/\/infozamoraec.com\/?p=13029"},"modified":"2025-06-18T01:16:15","modified_gmt":"2025-06-18T01:16:15","slug":"jornada-democratica-en-la-casa-de-la-cultura-de-zamora-chinchipe-con-inscripcion-oficial-de-listas-para-nuevo-directorio","status":"publish","type":"post","link":"https:\/\/infozamoraec.com\/index.php\/2025\/06\/18\/jornada-democratica-en-la-casa-de-la-cultura-de-zamora-chinchipe-con-inscripcion-oficial-de-listas-para-nuevo-directorio\/","title":{"rendered":"Jornada democr\u00e1tica en la Casa de la Cultura de Zamora Chinchipe con inscripci\u00f3n oficial de listas para nuevo directorio"},"content":{"rendered":"<p>La Casa de la Cultura Ecuatoriana \u201cBenjam\u00edn Carri\u00f3n\u201d, N\u00facleo de Zamora Chinchipe, vivi\u00f3 el lunes 16 de junio una jornada significativa marcada por la participaci\u00f3n activa de representantes del sector cultural. En el marco del proceso electoral para la conformaci\u00f3n del nuevo directorio institucional, se oficializ\u00f3 la inscripci\u00f3n de tres listas de candidaturas, en un ambiente de civismo y compromiso con el desarrollo art\u00edstico y cultural de la provincia.<\/p>\n<p>La <strong>Lista A<\/strong> present\u00f3 como candidato a director a Claudio Carmelo Torres Torres. Lo acompa\u00f1an Alejandro Jumbo Masache como primer vocal principal y Myriam Leonor Pineda Paredes como segunda vocal principal. Como vocales alternos constan Yaela Cristel Gaona Hidalgo y Bol\u00edvar Eduardo G\u00f3mez Villavicencio.<\/p>\n<p>Por su parte, la <strong>Lista B<\/strong> propuso a Jhamilton Jherman Mart\u00ednez Romero como candidato a director. Le respaldan Miguel \u00c1ngel I\u00f1amagua Averos como primer vocal principal, Marlene Guam\u00e1n Cango como primer vocal suplente, Jhoselyn Gabriela Mainato Zhingre como segunda vocal principal y Edgar Alberto Armas Sotomayor como segundo vocal suplente.<\/p>\n<p>La <strong>Lista C<\/strong> est\u00e1 liderada por Jimmy Leodan Tene Medina como aspirante a director. Lo acompa\u00f1an Macrina Elizabeth Gueledel Pineda como vocal principal 1, Walter Ernesto Ching\u00fce Calle como vocal principal 2, Manuel Asunci\u00f3n Poma Gonzales como vocal suplente 1 y Anah\u00ed Fernanda Alba Romero como vocal suplente 2.<\/p>\n<p>Durante el acto, Anabel Rodr\u00edguez, directora subrogante de la Casa de la Cultura N\u00facleo Zamora Chinchipe, felicit\u00f3 a las listas inscritas y destac\u00f3 la importancia de este proceso. \u201cLa democracia cultural se fortalece con la participaci\u00f3n activa de los gestores, artistas y representantes del pensamiento colectivo\u201d, se\u00f1al\u00f3.<\/p>\n<p>Con este paso, se consolida el proceso institucional que definir\u00e1 la nueva administraci\u00f3n del n\u00facleo provincial, en el que la participaci\u00f3n ciudadana se convierte en eje fundamental para el impulso de las expresiones art\u00edsticas y patrimoniales de Zamora Chinchipe.<\/p>\n","protected":false},"excerpt":{"rendered":"<p>La Casa de la Cultura Ecuatoriana \u201cBenjam\u00edn Carri\u00f3n\u201d, N\u00facleo de Zamora Chinchipe, vivi\u00f3 el lunes 16 de junio una jornada significativa marcada por la participaci\u00f3n activa de representantes del sector cultural. En el marco del proceso electoral para la conformaci\u00f3n del nuevo directorio institucional, se oficializ\u00f3 la inscripci\u00f3n de tres listas de candidaturas, en un [&hellip;]<\/p>\n","protected":false},"author":1,"featured_media":13030,"comment_status":"open","ping_status":"open","sticky":false,"template":"","format":"standard","meta":{"footnotes":""},"categories":[9],"tags":[],"_links":{"self":[{"href":"https:\/\/infozamoraec.com\/index.php\/wp-json\/wp\/v2\/posts\/13029"}],"collection":[{"href":"https:\/\/infozamoraec.com\/index.php\/wp-json\/wp\/v2\/posts"}],"about":[{"href":"https:\/\/infozamoraec.com\/index.php\/wp-json\/wp\/v2\/types\/post"}],"author":[{"embeddable":true,"href":"https:\/\/infozamoraec.com\/index.php\/wp-json\/wp\/v2\/users\/1"}],"replies":[{"embeddable":true,"href":"https:\/\/infozamoraec.com\/index.php\/wp-json\/wp\/v2\/comments?post=13029"}],"version-history":[{"count":1,"href":"https:\/\/infozamoraec.com\/index.php\/wp-json\/wp\/v2\/posts\/13029\/revisions"}],"predecessor-version":[{"id":13031,"href":"https:\/\/infozamoraec.com\/index.php\/wp-json\/wp\/v2\/posts\/13029\/revisions\/13031"}],"wp:featuredmedia":[{"embeddable":true,"href":"https:\/\/infozamoraec.com\/index.php\/wp-json\/wp\/v2\/media\/13030"}],"wp:attachment":[{"href":"https:\/\/infozamoraec.com\/index.php\/wp-json\/wp\/v2\/media?parent=13029"}],"wp:term":[{"taxonomy":"category","embeddable":true,"href":"https:\/\/infozamoraec.com\/index.php\/wp-json\/wp\/v2\/categories?post=13029"},{"taxonomy":"post_tag","embeddable":true,"href":"https:\/\/infozamoraec.com\/index.php\/wp-json\/wp\/v2\/tags?post=13029"}],"curies":[{"name":"wp","href":"https:\/\/api.w.org\/{rel}","templated":true}]}}