{"id":13021,"date":"2025-06-18T00:49:38","date_gmt":"2025-06-18T00:49:38","guid":{"rendered":"https:\/\/infozamoraec.com\/?p=13021"},"modified":"2025-06-18T00:49:38","modified_gmt":"2025-06-18T00:49:38","slug":"alcalde-de-el-pangui-presento-informe-de-rendicion-de-cuentas","status":"publish","type":"post","link":"https:\/\/infozamoraec.com\/index.php\/2025\/06\/18\/alcalde-de-el-pangui-presento-informe-de-rendicion-de-cuentas\/","title":{"rendered":"Alcalde de El Pangui present\u00f3 informe de Rendici\u00f3n de Cuentas"},"content":{"rendered":"<p>Con un acto solemne el Municipio de El Pangui realiz\u00f3 la Deliberaci\u00f3n P\u00fablica de Rendici\u00f3n de Cuentas correspondiente al a\u00f1o fiscal Enero \u2013 Diciembre de 2024, con el prop\u00f3sito de cumplir con la normativa vigente y transparentar ante la ciudadan\u00eda el manejo de los recursos p\u00fablicos y los resultados obtenidos.<\/p>\n<p>En su intervenci\u00f3n, el alcalde Jairo Herrera destac\u00f3 las gestiones realizadas y las obras ejecutadas durante su administraci\u00f3n en el a\u00f1o 2024. \u201cHemos gestionado con varias instituciones estatales y privadas para financiar proyectos de gran impacto para nuestra comunidad, tales como la construcci\u00f3n del puente sobre la quebrada Cayamatza, el asfaltado en dos etapas de las calles principales de El Pangui, y el Mercado Centro Comercial \u2018Las Orqu\u00eddeas\u2019,\u201d se\u00f1al\u00f3.<\/p>\n<p>En el \u00e1mbito social, se desarrollaron programas dirigidos a 541 usuarios de los tres proyectos de atenci\u00f3n a grupos vulnerables: ni\u00f1os, adultos mayores y personas con discapacidad, promoviendo la inclusi\u00f3n y bienestar con una inversi\u00f3n de USD. 438 941.<\/p>\n<p>Entre las principales obras tambi\u00e9n mencion\u00f3 la instalaci\u00f3n de 2.7 kil\u00f3metros de redes el\u00e9ctricas y alumbrado p\u00fablico en varios barrios del centro poblado, beneficiando directamente a 124 familias gracias al apoyo de Lundin Gold. Adem\u00e1s, se realizaron trabajos de adecuaci\u00f3n y mantenimiento en el Parque Central, el malec\u00f3n y La Alborada fase II, con una inversi\u00f3n superior a los USD. 118 mil.<\/p>\n<p>El alcalde resalt\u00f3 tambi\u00e9n el apoyo a la cultura y la educaci\u00f3n con la construcci\u00f3n de un escenario y bater\u00edas sanitarias para el barrio El Miassi, la construcci\u00f3n de un puente peatonal en Kunguimi, y el cerramiento para la escuela \u201cCueva de Los Tayos\u201d en el barrio El Para\u00edso.<\/p>\n<p>En materia de infraestructura b\u00e1sica, se avanz\u00f3 en el sistema de alcantarillado en los barrios: La Alfonsina, Jes\u00fas del Gran Poder y El Miassi, que es fundamental para el desarrollo del cant\u00f3n.<\/p>\n<p>El GAD de El Pangui se convirti\u00f3\u00a0 en el primer cant\u00f3n de la regi\u00f3n en asumir competencias productivas, apoyando la edificaci\u00f3n de invernaderos de vainilla, la apertura de v\u00edas productivas, drenajes, y la entrega de insumos agr\u00edcolas, herramientas y plantas. En el sector ganadero, se brind\u00f3 respaldo a 40 familias del cant\u00f3n; todo esto con una inversi\u00f3n USD. 125.000<\/p>\n","protected":false},"excerpt":{"rendered":"<p>Con un acto solemne el Municipio de El Pangui realiz\u00f3 la Deliberaci\u00f3n P\u00fablica de Rendici\u00f3n de Cuentas correspondiente al a\u00f1o fiscal Enero \u2013 Diciembre de 2024, con el prop\u00f3sito de cumplir con la normativa vigente y transparentar ante la ciudadan\u00eda el manejo de los recursos p\u00fablicos y los resultados obtenidos. En su intervenci\u00f3n, el alcalde [&hellip;]<\/p>\n","protected":false},"author":1,"featured_media":13022,"comment_status":"open","ping_status":"open","sticky":false,"template":"","format":"standard","meta":{"footnotes":""},"categories":[9],"tags":[],"_links":{"self":[{"href":"https:\/\/infozamoraec.com\/index.php\/wp-json\/wp\/v2\/posts\/13021"}],"collection":[{"href":"https:\/\/infozamoraec.com\/index.php\/wp-json\/wp\/v2\/posts"}],"about":[{"href":"https:\/\/infozamoraec.com\/index.php\/wp-json\/wp\/v2\/types\/post"}],"author":[{"embeddable":true,"href":"https:\/\/infozamoraec.com\/index.php\/wp-json\/wp\/v2\/users\/1"}],"replies":[{"embeddable":true,"href":"https:\/\/infozamoraec.com\/index.php\/wp-json\/wp\/v2\/comments?post=13021"}],"version-history":[{"count":1,"href":"https:\/\/infozamoraec.com\/index.php\/wp-json\/wp\/v2\/posts\/13021\/revisions"}],"predecessor-version":[{"id":13023,"href":"https:\/\/infozamoraec.com\/index.php\/wp-json\/wp\/v2\/posts\/13021\/revisions\/13023"}],"wp:featuredmedia":[{"embeddable":true,"href":"https:\/\/infozamoraec.com\/index.php\/wp-json\/wp\/v2\/media\/13022"}],"wp:attachment":[{"href":"https:\/\/infozamoraec.com\/index.php\/wp-json\/wp\/v2\/media?parent=13021"}],"wp:term":[{"taxonomy":"category","embeddable":true,"href":"https:\/\/infozamoraec.com\/index.php\/wp-json\/wp\/v2\/categories?post=13021"},{"taxonomy":"post_tag","embeddable":true,"href":"https:\/\/infozamoraec.com\/index.php\/wp-json\/wp\/v2\/tags?post=13021"}],"curies":[{"name":"wp","href":"https:\/\/api.w.org\/{rel}","templated":true}]}}