{"id":13014,"date":"2025-06-17T02:01:58","date_gmt":"2025-06-17T02:01:58","guid":{"rendered":"https:\/\/infozamoraec.com\/?p=13014"},"modified":"2025-06-17T02:01:58","modified_gmt":"2025-06-17T02:01:58","slug":"panama-detenido-lider-bananero-por-bloqueo-de-carreteras","status":"publish","type":"post","link":"https:\/\/infozamoraec.com\/index.php\/2025\/06\/17\/panama-detenido-lider-bananero-por-bloqueo-de-carreteras\/","title":{"rendered":"Panam\u00e1: detenido l\u00edder bananero por bloqueo de carreteras"},"content":{"rendered":"<p>La polic\u00eda de\u00a0<a class=\"internal-link\" href=\"https:\/\/www.dw.com\/es\/panam%C3%A1\/t-17409698\" target=\"_blank\" rel=\"noopener\">Panam\u00e1<\/a>\u00a0detuvo el domingo (15.06.2025) al l\u00edder del sindicato bananero, acusado por los da\u00f1os que ocasion\u00f3 el bloqueo de rutas, cerca de la frontera con Costa Rica, durante una huelga que mantuvieron por mes y medio trabajadores de la compa\u00f1\u00eda estadounidense Chiquita Brands.<\/p>\n<p>Francisco Smith fue arrestado cuatro d\u00edas despu\u00e9s de haber alcanzado con el Estado paname\u00f1o un acuerdo sobre las pensiones y beneficios laborales de los empleados bananeros, el cual puso fin a una huelga que empez\u00f3 el 28 de abril y dej\u00f3 perdidas millonarias.<\/p>\n<p>\u00abSe dio la orden de aprehender\u00bb a Smith a petici\u00f3n de la fiscal\u00eda, asegur\u00f3 en rueda de prensa el ministro de Seguridad, Frank Abrego.<\/p>\n<p>Seg\u00fan la acusaci\u00f3n interpuesta por un abogado privado, Smith es responsable de delitos contra la seguridad colectiva, da\u00f1os al transporte, alteraci\u00f3n del orden p\u00fablico, entre otros.<\/p>\n<p>Durante la huelga, la\u00a0<a class=\"internal-link\" href=\"https:\/\/www.dw.com\/es\/bananera-de-eeuu-despedir%C3%A1-a-todo-su-personal-en-panam%C3%A1\/a-72768524\" target=\"_blank\" rel=\"noopener\">compa\u00f1\u00eda bananera estadounidense ces\u00f3 operaciones<\/a>\u00a0y despidi\u00f3 a m\u00e1s de 6.500 obreros de su planta en Changuinola, en la provincia de Bocas del Toro. Chiquita Brands calcul\u00f3 las p\u00e9rdidas en m\u00e1s de 75 millones de d\u00f3lares.<\/p>\n<p>Aunque los empleados bananeros cesaron la huelga luego de que el parlamento aprob\u00f3 un nuevo r\u00e9gimen laboral que les restituy\u00f3 beneficios, en la zona contin\u00faan algunas protestas de maestros e ind\u00edgenas contra la reforma de pensiones.<\/p>\n<p>El s\u00e1bado se registraron choques entre agentes antimotines y manifestantes encapuchados, en un cruce de gases lacrim\u00f3genos y piedras.<\/p>\n<p>Seg\u00fan el ministro, unos 28 fueron detenidos durante las labores que realiza la polic\u00eda para desbloquear las carreteras de esa provincia caribe\u00f1a lim\u00edtrofe con Costa Rica.<\/p>\n<p>gs (afp, ap)<\/p>\n","protected":false},"excerpt":{"rendered":"<p>La polic\u00eda de\u00a0Panam\u00e1\u00a0detuvo el domingo (15.06.2025) al l\u00edder del sindicato bananero, acusado por los da\u00f1os que ocasion\u00f3 el bloqueo de rutas, cerca de la frontera con Costa Rica, durante una huelga que mantuvieron por mes y medio trabajadores de la compa\u00f1\u00eda estadounidense Chiquita Brands. Francisco Smith fue arrestado cuatro d\u00edas despu\u00e9s de haber alcanzado con [&hellip;]<\/p>\n","protected":false},"author":1,"featured_media":13015,"comment_status":"open","ping_status":"open","sticky":false,"template":"","format":"standard","meta":{"footnotes":""},"categories":[8],"tags":[],"_links":{"self":[{"href":"https:\/\/infozamoraec.com\/index.php\/wp-json\/wp\/v2\/posts\/13014"}],"collection":[{"href":"https:\/\/infozamoraec.com\/index.php\/wp-json\/wp\/v2\/posts"}],"about":[{"href":"https:\/\/infozamoraec.com\/index.php\/wp-json\/wp\/v2\/types\/post"}],"author":[{"embeddable":true,"href":"https:\/\/infozamoraec.com\/index.php\/wp-json\/wp\/v2\/users\/1"}],"replies":[{"embeddable":true,"href":"https:\/\/infozamoraec.com\/index.php\/wp-json\/wp\/v2\/comments?post=13014"}],"version-history":[{"count":1,"href":"https:\/\/infozamoraec.com\/index.php\/wp-json\/wp\/v2\/posts\/13014\/revisions"}],"predecessor-version":[{"id":13016,"href":"https:\/\/infozamoraec.com\/index.php\/wp-json\/wp\/v2\/posts\/13014\/revisions\/13016"}],"wp:featuredmedia":[{"embeddable":true,"href":"https:\/\/infozamoraec.com\/index.php\/wp-json\/wp\/v2\/media\/13015"}],"wp:attachment":[{"href":"https:\/\/infozamoraec.com\/index.php\/wp-json\/wp\/v2\/media?parent=13014"}],"wp:term":[{"taxonomy":"category","embeddable":true,"href":"https:\/\/infozamoraec.com\/index.php\/wp-json\/wp\/v2\/categories?post=13014"},{"taxonomy":"post_tag","embeddable":true,"href":"https:\/\/infozamoraec.com\/index.php\/wp-json\/wp\/v2\/tags?post=13014"}],"curies":[{"name":"wp","href":"https:\/\/api.w.org\/{rel}","templated":true}]}}