{"id":13007,"date":"2025-06-17T01:55:40","date_gmt":"2025-06-17T01:55:40","guid":{"rendered":"https:\/\/infozamoraec.com\/?p=13007"},"modified":"2025-06-17T01:55:40","modified_gmt":"2025-06-17T01:55:40","slug":"uribe-turbay-en-condicion-extremadamente-critica","status":"publish","type":"post","link":"https:\/\/infozamoraec.com\/index.php\/2025\/06\/17\/uribe-turbay-en-condicion-extremadamente-critica\/","title":{"rendered":"Uribe Turbay en condici\u00f3n \u00abextremadamente cr\u00edtica\u00bb"},"content":{"rendered":"<p>El senador y precandidato presidencial colombiano Miguel Uribe Turbay est\u00e1 en condici\u00f3n \u00abextremadamente cr\u00edtica\u00bb por un\u00a0<a class=\"internal-link\" href=\"https:\/\/www.dw.com\/es\/operan-de-urgencia-al-senador-colombiano-miguel-uribe-turbay\/a-72937062\" target=\"_blank\" rel=\"noopener\">edema cerebral tras la segunda cirug\u00eda<\/a>a la que fue sometido este lunes, inform\u00f3 la Fundaci\u00f3n Santa Fe de Bogot\u00e1, donde est\u00e1 ingresado por las heridas sufridas el 7 de junio en un atentado.<\/p>\n<p>El pol\u00edtico, de 39 a\u00f1os, \u00absali\u00f3 de cirug\u00eda y su condici\u00f3n es extremadamente cr\u00edtica caracterizada por edema cerebral persistente y sangrado intracerebral de dif\u00edcil control\u00bb, indic\u00f3 el centro m\u00e9dico en el tercer parte divulgado hoy.<\/p>\n<p>U<a class=\"internal-link\" href=\"https:\/\/www.dw.com\/es\/colombia-senador-miguel-uribe-turbay-en-estado-cr%C3%ADtico-tras-atentado\/a-72833277\" target=\"_blank\" rel=\"noopener\">ribe Turbay, que en el atentado result\u00f3 herido con dos disparos en la cabeza<\/a>, fue sometido a una intervenci\u00f3n neuroquir\u00fargica de urgencia tras detectarse un \u00absangrado intracerebral agudo\u00bb, seg\u00fan los m\u00e9dicos.<\/p>\n<p>\u00abPor lo anterior, la condici\u00f3n del paciente es de la m\u00e1xima gravedad\u00bb, se\u00f1ala el comunicado, y a\u00f1ade que seguir\u00e1 bajo \u00abmonitoreo continuo con un pron\u00f3stico reservado\u00bb.<\/p>\n<h2>\u00abLa batalla m\u00e1s dif\u00edcil\u00bb<\/h2>\n<p>Luego del \u00faltimo parte m\u00e9dico de la cl\u00ednica, la esposa de Uribe Turbay, Mar\u00eda Claudia Tarazona, declar\u00f3 a periodistas que el pol\u00edtico segu\u00eda \u00abluchando por su vida, como nunca antes lo hab\u00eda hecho, como nunca antes se hab\u00eda visto\u00bb.<\/p>\n<p>\u00abHoy, con el coraz\u00f3n en la mano, tengo que decirles que est\u00e1 librando la batalla m\u00e1s dif\u00edcil que hab\u00edamos transitado hasta el d\u00eda de hoy. Por eso salgo para pedirle a cada uno de los colombianos nuevamente, apelando a su buen coraz\u00f3n, al amor que sienten por Miguel, por mi familia y por Colombia, que hagamos una oraci\u00f3n masiva\u00bb, dijo.<\/p>\n<p>Tarazona insisti\u00f3 en que \u00abel d\u00eda de hoy es crucial\u00bb.<\/p>\n<h2>Oposici\u00f3n abandona debate en Congreso tras noticia<\/h2>\n<p>La bancada del partido opositor Centro Democr\u00e1tico se retir\u00f3 este lunes de la plenaria del Senado, donde se discute la reforma laboral del presidente Gustavo Petro para acompa\u00f1ar a la familia de su colega.<\/p>\n<p>\u00abNosotros, la bancada del Centro Democr\u00e1tico, atendiendo lo que el pa\u00eds empieza a conocer, que tristemente la situaci\u00f3n de nuestro compa\u00f1ero es extremadamente cr\u00edtica, no tenemos c\u00f3mo estar aqu\u00ed ahora mismo y vamos a la cl\u00ednica\u00bb, dijo durante el pleno el senador Carlos Meisel.<\/p>\n<p>Uribe Turbay, del partido de derecha Centro Democr\u00e1tico, fue herido hace nueve d\u00edas cuando pronunciaba un discurso ante decenas de seguidores en un parque del barrio bogotano de Modelia, como parte de su actividad pol\u00edtica de cara a las elecciones presidenciales de 2026.<\/p>\n<p>Por este atentado han sido detenidas tres personas, entre ellas el pistolero, un menor de 15 a\u00f1os que ten\u00eda en su poder una pistola de marca Glock usada en el ataque.<\/p>\n<p>Los otros dos detenidos, que al parecer participaron en la preparaci\u00f3n del atentado, son<a class=\"internal-link\" href=\"https:\/\/www.dw.com\/es\/colombia-imputan-a-otro-implicado-en-atentado-contra-uribe-turbay\/a-72891499\" target=\"_blank\" rel=\"noopener\">Carlos Eduardo Mora Gonz\u00e1lez, detenido tres d\u00edas despu\u00e9s en Bogot\u00e1<\/a>, y una mujer llamada<a class=\"internal-link\" href=\"https:\/\/www.dw.com\/es\/capturan-a-sospechosa-en-caso-de-uribe-turbay-en-colombia\/a-72914118\" target=\"_blank\" rel=\"noopener\">Katerine Andrea Mart\u00ednez, arrestada el fin de semana<\/a>\u00a0en Florencia, capital del departamento de Caquet\u00e1, en el sur del pa\u00eds.<\/p>\n<p>jc (efe, afp)<\/p>\n","protected":false},"excerpt":{"rendered":"<p>El senador y precandidato presidencial colombiano Miguel Uribe Turbay est\u00e1 en condici\u00f3n \u00abextremadamente cr\u00edtica\u00bb por un\u00a0edema cerebral tras la segunda cirug\u00edaa la que fue sometido este lunes, inform\u00f3 la Fundaci\u00f3n Santa Fe de Bogot\u00e1, donde est\u00e1 ingresado por las heridas sufridas el 7 de junio en un atentado. El pol\u00edtico, de 39 a\u00f1os, \u00absali\u00f3 de [&hellip;]<\/p>\n","protected":false},"author":1,"featured_media":13008,"comment_status":"open","ping_status":"open","sticky":false,"template":"","format":"standard","meta":{"footnotes":""},"categories":[8],"tags":[],"_links":{"self":[{"href":"https:\/\/infozamoraec.com\/index.php\/wp-json\/wp\/v2\/posts\/13007"}],"collection":[{"href":"https:\/\/infozamoraec.com\/index.php\/wp-json\/wp\/v2\/posts"}],"about":[{"href":"https:\/\/infozamoraec.com\/index.php\/wp-json\/wp\/v2\/types\/post"}],"author":[{"embeddable":true,"href":"https:\/\/infozamoraec.com\/index.php\/wp-json\/wp\/v2\/users\/1"}],"replies":[{"embeddable":true,"href":"https:\/\/infozamoraec.com\/index.php\/wp-json\/wp\/v2\/comments?post=13007"}],"version-history":[{"count":1,"href":"https:\/\/infozamoraec.com\/index.php\/wp-json\/wp\/v2\/posts\/13007\/revisions"}],"predecessor-version":[{"id":13009,"href":"https:\/\/infozamoraec.com\/index.php\/wp-json\/wp\/v2\/posts\/13007\/revisions\/13009"}],"wp:featuredmedia":[{"embeddable":true,"href":"https:\/\/infozamoraec.com\/index.php\/wp-json\/wp\/v2\/media\/13008"}],"wp:attachment":[{"href":"https:\/\/infozamoraec.com\/index.php\/wp-json\/wp\/v2\/media?parent=13007"}],"wp:term":[{"taxonomy":"category","embeddable":true,"href":"https:\/\/infozamoraec.com\/index.php\/wp-json\/wp\/v2\/categories?post=13007"},{"taxonomy":"post_tag","embeddable":true,"href":"https:\/\/infozamoraec.com\/index.php\/wp-json\/wp\/v2\/tags?post=13007"}],"curies":[{"name":"wp","href":"https:\/\/api.w.org\/{rel}","templated":true}]}}