{"id":12978,"date":"2025-06-16T12:03:30","date_gmt":"2025-06-16T12:03:30","guid":{"rendered":"https:\/\/infozamoraec.com\/?p=12978"},"modified":"2025-06-16T12:03:30","modified_gmt":"2025-06-16T12:03:30","slug":"dos-personas-fallecieron-en-presunto-accidente-laboral-en-mina-del-sector-tambo-peru-canton-paquisha","status":"publish","type":"post","link":"https:\/\/infozamoraec.com\/index.php\/2025\/06\/16\/dos-personas-fallecieron-en-presunto-accidente-laboral-en-mina-del-sector-tambo-peru-canton-paquisha\/","title":{"rendered":"Dos personas fallecieron en presunto accidente laboral en mina del sector Tambo-Per\u00fa, cant\u00f3n Paquisha"},"content":{"rendered":"<p data-start=\"105\" data-end=\"482\">En horas de la madrugada de este lunes, se registr\u00f3 un tr\u00e1gico accidente laboral en una mina ubicada en el sector Tambo-Per\u00fa, parroquia Paquisha, que dej\u00f3 como resultado el fallecimiento de dos personas de sexo masculino, presuntamente por asfixia mientras realizaban labores de soldadura en el interior de un t\u00fanel minero.<\/p>\n<p data-start=\"484\" data-end=\"860\">Seg\u00fan el informe preliminar, a las 00h30 aproximadamente, una camioneta Toyota, de color negro y placas\u00a0 de Pichincha, lleg\u00f3 hasta el UPC de Paquisha transportando los cuerpos sin vida. El conductor del veh\u00edculo\u00a0 manifest\u00f3 a la Polic\u00eda que fue contactado por trabajadores de la mina para colaborar con el traslado de los fallecidos.<\/p>\n<p data-start=\"862\" data-end=\"1200\">De acuerdo con las versiones recogidas en el lugar, las v\u00edctimas habr\u00edan estado realizando trabajos de soldadura dentro del t\u00fanel cuando, aparentemente, se produjo una acumulaci\u00f3n de gases que provoc\u00f3 su asfixia. Un compa\u00f1ero de los fallecidos, declar\u00f3 no conocer la identidad exacta de las v\u00edctimas.<\/p>\n<p data-start=\"1202\" data-end=\"1532\">Frente a este hecho, personal policial coordin\u00f3 con la Direcci\u00f3n Nacional de Delitos contra la Vida (DINASED),\u00a0 para realizar el respectivo procedimiento legal. Se dispuso el traslado de los cuerpos hacia el Circuito Zumbi, donde se inici\u00f3 la indagaci\u00f3n correspondiente.<\/p>\n<p data-start=\"1534\" data-end=\"1794\" data-is-last-node=\"\" data-is-only-node=\"\">La Polic\u00eda Nacional del Ecuador contin\u00faa con las investigaciones para esclarecer los hechos, determinar las circunstancias que provocaron el accidente y establecer la identidad de los fallecidos. Las autoridades competentes realizar\u00e1n las pericias respectivas.<\/p>\n","protected":false},"excerpt":{"rendered":"<p>En horas de la madrugada de este lunes, se registr\u00f3 un tr\u00e1gico accidente laboral en una mina ubicada en el sector Tambo-Per\u00fa, parroquia Paquisha, que dej\u00f3 como resultado el fallecimiento de dos personas de sexo masculino, presuntamente por asfixia mientras realizaban labores de soldadura en el interior de un t\u00fanel minero. Seg\u00fan el informe preliminar, [&hellip;]<\/p>\n","protected":false},"author":1,"featured_media":12979,"comment_status":"open","ping_status":"open","sticky":false,"template":"","format":"standard","meta":{"footnotes":""},"categories":[9],"tags":[],"_links":{"self":[{"href":"https:\/\/infozamoraec.com\/index.php\/wp-json\/wp\/v2\/posts\/12978"}],"collection":[{"href":"https:\/\/infozamoraec.com\/index.php\/wp-json\/wp\/v2\/posts"}],"about":[{"href":"https:\/\/infozamoraec.com\/index.php\/wp-json\/wp\/v2\/types\/post"}],"author":[{"embeddable":true,"href":"https:\/\/infozamoraec.com\/index.php\/wp-json\/wp\/v2\/users\/1"}],"replies":[{"embeddable":true,"href":"https:\/\/infozamoraec.com\/index.php\/wp-json\/wp\/v2\/comments?post=12978"}],"version-history":[{"count":1,"href":"https:\/\/infozamoraec.com\/index.php\/wp-json\/wp\/v2\/posts\/12978\/revisions"}],"predecessor-version":[{"id":12980,"href":"https:\/\/infozamoraec.com\/index.php\/wp-json\/wp\/v2\/posts\/12978\/revisions\/12980"}],"wp:featuredmedia":[{"embeddable":true,"href":"https:\/\/infozamoraec.com\/index.php\/wp-json\/wp\/v2\/media\/12979"}],"wp:attachment":[{"href":"https:\/\/infozamoraec.com\/index.php\/wp-json\/wp\/v2\/media?parent=12978"}],"wp:term":[{"taxonomy":"category","embeddable":true,"href":"https:\/\/infozamoraec.com\/index.php\/wp-json\/wp\/v2\/categories?post=12978"},{"taxonomy":"post_tag","embeddable":true,"href":"https:\/\/infozamoraec.com\/index.php\/wp-json\/wp\/v2\/tags?post=12978"}],"curies":[{"name":"wp","href":"https:\/\/api.w.org\/{rel}","templated":true}]}}