{"id":12975,"date":"2025-06-16T11:58:59","date_gmt":"2025-06-16T11:58:59","guid":{"rendered":"https:\/\/infozamoraec.com\/?p=12975"},"modified":"2025-06-16T11:58:59","modified_gmt":"2025-06-16T11:58:59","slug":"ciudadano-hallado-sin-vida-con-heridas-de-arma-blanca","status":"publish","type":"post","link":"https:\/\/infozamoraec.com\/index.php\/2025\/06\/16\/ciudadano-hallado-sin-vida-con-heridas-de-arma-blanca\/","title":{"rendered":"Ciudadano hallado sin vida con heridas de arma blanca"},"content":{"rendered":"<p data-start=\"94\" data-end=\"365\">La ma\u00f1ana de este domingo, cerca de las 09h30, la Polic\u00eda Nacional del Ecuador acudi\u00f3 al sector El\u00a0 Genairo, en el cant\u00f3n Zamora, tras recibir una alerta a trav\u00e9s del ECU 911 sobre el hallazgo de un cuerpo sin vida en una zona boscosa cerca a una quebrada.<\/p>\n<p data-start=\"367\" data-end=\"743\">Seg\u00fan el reporte preliminar, una ciudadana identificada\u00a0 de 33 a\u00f1os, alert\u00f3 a las autoridades luego de encontrar a un hombre tendido al ingreso de una quebrada mientras se dirig\u00eda a su propiedad. Personal policial\u00a0 constat\u00f3 la presencia del cuerpo de un ciudadano con aparentes signos de violencia.<\/p>\n<p data-start=\"745\" data-end=\"963\">La v\u00edctima\u00a0 de sexo masculino fue identificado como Reinaldo Rivaldo R. S.\u00a0 El cuerpo yac\u00eda en posici\u00f3n de c\u00fabito dorsal y presentaba una herida provocada por arma blanca a la altura del cuello.<\/p>\n<p data-start=\"965\" data-end=\"1379\">De inmediato, se activaron los protocolos correspondientes y se solicit\u00f3 la presencia de personal especializado de la Direcci\u00f3n Nacional de Delitos contra la Vida, Muertes Violentas, Desapariciones, Extorsi\u00f3n y Secuestros (Dinased), Criminal\u00edstica y la Fiscal\u00eda. Al lugar acudieron el fiscal de turno\u00a0 y el m\u00e9dico legista\u00a0 quienes participaron en el levantamiento del cad\u00e1ver.<\/p>\n<p data-start=\"1381\" data-end=\"1649\">Seg\u00fan informaci\u00f3n proporcionada por el personal investigativo, el occiso habr\u00eda sido aprehendido d\u00edas atr\u00e1s por el presunto delito de tr\u00e1fico il\u00edcito de sustancias sujetas a fiscalizaci\u00f3n y se encontraba bajo medidas sustitutivas dictadas por la autoridad judicial competente.<\/p>\n<p data-start=\"1651\" data-end=\"1984\" data-is-last-node=\"\" data-is-only-node=\"\">El cuerpo fue trasladado al Centro Forense de Loja para los procedimientos legales correspondientes. Las investigaciones contin\u00faan a fin de determinar las circunstancias de este hecho y dar con los responsables.<\/p>\n","protected":false},"excerpt":{"rendered":"<p>La ma\u00f1ana de este domingo, cerca de las 09h30, la Polic\u00eda Nacional del Ecuador acudi\u00f3 al sector El\u00a0 Genairo, en el cant\u00f3n Zamora, tras recibir una alerta a trav\u00e9s del ECU 911 sobre el hallazgo de un cuerpo sin vida en una zona boscosa cerca a una quebrada. Seg\u00fan el reporte preliminar, una ciudadana identificada\u00a0 [&hellip;]<\/p>\n","protected":false},"author":1,"featured_media":12976,"comment_status":"open","ping_status":"open","sticky":false,"template":"","format":"standard","meta":{"footnotes":""},"categories":[9],"tags":[],"_links":{"self":[{"href":"https:\/\/infozamoraec.com\/index.php\/wp-json\/wp\/v2\/posts\/12975"}],"collection":[{"href":"https:\/\/infozamoraec.com\/index.php\/wp-json\/wp\/v2\/posts"}],"about":[{"href":"https:\/\/infozamoraec.com\/index.php\/wp-json\/wp\/v2\/types\/post"}],"author":[{"embeddable":true,"href":"https:\/\/infozamoraec.com\/index.php\/wp-json\/wp\/v2\/users\/1"}],"replies":[{"embeddable":true,"href":"https:\/\/infozamoraec.com\/index.php\/wp-json\/wp\/v2\/comments?post=12975"}],"version-history":[{"count":1,"href":"https:\/\/infozamoraec.com\/index.php\/wp-json\/wp\/v2\/posts\/12975\/revisions"}],"predecessor-version":[{"id":12977,"href":"https:\/\/infozamoraec.com\/index.php\/wp-json\/wp\/v2\/posts\/12975\/revisions\/12977"}],"wp:featuredmedia":[{"embeddable":true,"href":"https:\/\/infozamoraec.com\/index.php\/wp-json\/wp\/v2\/media\/12976"}],"wp:attachment":[{"href":"https:\/\/infozamoraec.com\/index.php\/wp-json\/wp\/v2\/media?parent=12975"}],"wp:term":[{"taxonomy":"category","embeddable":true,"href":"https:\/\/infozamoraec.com\/index.php\/wp-json\/wp\/v2\/categories?post=12975"},{"taxonomy":"post_tag","embeddable":true,"href":"https:\/\/infozamoraec.com\/index.php\/wp-json\/wp\/v2\/tags?post=12975"}],"curies":[{"name":"wp","href":"https:\/\/api.w.org\/{rel}","templated":true}]}}