{"id":12964,"date":"2025-06-13T00:41:32","date_gmt":"2025-06-13T00:41:32","guid":{"rendered":"https:\/\/infozamoraec.com\/?p=12964"},"modified":"2025-06-13T00:42:02","modified_gmt":"2025-06-13T00:42:02","slug":"venezuela-y-uruguay-acuerdan-reanudar-servicios-consulares","status":"publish","type":"post","link":"https:\/\/infozamoraec.com\/index.php\/2025\/06\/13\/venezuela-y-uruguay-acuerdan-reanudar-servicios-consulares\/","title":{"rendered":"Venezuela y Uruguay acuerdan reanudar servicios consulares"},"content":{"rendered":"<p>Uruguay y Venezuela acordaron reanudar los servicios consulares en ambos pa\u00edses, casi un a\u00f1o despu\u00e9s de la salida del personal diplom\u00e1tico de ambas representaciones en medio del desconocimiento a la reelecci\u00f3n del presidente\u00a0<a class=\"internal-link\" href=\"https:\/\/www.dw.com\/es\/nicol%C3%A1s-maduro\/t-17409336\" target=\"_blank\" rel=\"noopener\">Nicol\u00e1s Maduro<\/a>. La decisi\u00f3n, informada este jueves (12.06.2025), coincide con un cambio de postura de Uruguay sobre Venezuela tras la llegada al poder del izquierdista Yamand\u00fa Orsi.<\/p>\n<p>Su antecesor, Luis Lacalle Pou, rechaz\u00f3 la proclamaci\u00f3n de Maduro y apoy\u00f3 el reclamo de fraude encabezado por la l\u00edder opositora\u00a0<a class=\"internal-link\" href=\"https:\/\/www.dw.com\/es\/machado-mar%C3%ADa-corina\/t-42526133\" target=\"_blank\" rel=\"noopener\">Mar\u00eda Corina Machado<\/a>. La administraci\u00f3n del presidente Orsi, si bien ha dicho que tampoco reconoce el resultado de las \u00faltimas presidenciales venezolanas, argumenta que la atenci\u00f3n de los 50.000 uruguayos que viven en Venezuela es una prioridad.<\/p>\n<p>\u00abNosotros lo \u00fanico que hicimos, lo que est\u00e1bamos pidiendo, buscando y anunciando hace ya unos cuantos d\u00edas, era que ten\u00edamos que activar el mecanismo consular, que para ser bien preciso, no significa el reconocimiento del resultado electoral de las elecciones presidenciales en Venezuela, donde mantenemos la misma posici\u00f3n de siempre\u00bb, indic\u00f3 el canciller uruguayo, Mario Lubetkin, a la agencia EFE.<\/p>\n<h2>Caminos diferentes<\/h2>\n<p>Lubetkin agreg\u00f3 que lo consular y las relaciones diplom\u00e1ticas \u00abvan por dos caminos diferentes\u00bb. \u00abTiene que haber una instancia que va fuera de todo lo que significan las relaciones diplom\u00e1ticas, para facilitar la vida de los uruguayos como lo hacemos en todo el mundo. Por eso estuvimos buscando un camino que no fue r\u00e1pido, pero que finalmente lo logramos\u201d, apunt\u00f3.<\/p>\n<p>Su par venezolano, Yv\u00e1n Gil, en tanto, confirm\u00f3 la decisi\u00f3n de \u00abreactivar en los pr\u00f3ximos d\u00edas los servicios consulares de Uruguay en Caracas y de Venezuela en Montevideo\u00bb.<\/p>\n<p>Maduro fue proclamado vencedor de las presidenciales del 28 de julio por la autoridad electoral venezolana, que no public\u00f3 el detalle del escrutinio como manda la ley. Tras la condena de Lacalle Pou a esa decisi\u00f3n, Maduro expuls\u00f3 a los representantes uruguayos de Caracas y orden\u00f3 el regreso de sus diplom\u00e1ticos en Montevideo. La embajada uruguaya ha seguido abierta con personal local, pero con actividad restringida.<\/p>\n<p>DZC (EFE, AFP)<\/p>\n","protected":false},"excerpt":{"rendered":"<p>Uruguay y Venezuela acordaron reanudar los servicios consulares en ambos pa\u00edses, casi un a\u00f1o despu\u00e9s de la salida del personal diplom\u00e1tico de ambas representaciones en medio del desconocimiento a la reelecci\u00f3n del presidente\u00a0Nicol\u00e1s Maduro. La decisi\u00f3n, informada este jueves (12.06.2025), coincide con un cambio de postura de Uruguay sobre Venezuela tras la llegada al poder [&hellip;]<\/p>\n","protected":false},"author":1,"featured_media":12965,"comment_status":"open","ping_status":"open","sticky":false,"template":"","format":"standard","meta":{"footnotes":""},"categories":[8],"tags":[],"_links":{"self":[{"href":"https:\/\/infozamoraec.com\/index.php\/wp-json\/wp\/v2\/posts\/12964"}],"collection":[{"href":"https:\/\/infozamoraec.com\/index.php\/wp-json\/wp\/v2\/posts"}],"about":[{"href":"https:\/\/infozamoraec.com\/index.php\/wp-json\/wp\/v2\/types\/post"}],"author":[{"embeddable":true,"href":"https:\/\/infozamoraec.com\/index.php\/wp-json\/wp\/v2\/users\/1"}],"replies":[{"embeddable":true,"href":"https:\/\/infozamoraec.com\/index.php\/wp-json\/wp\/v2\/comments?post=12964"}],"version-history":[{"count":2,"href":"https:\/\/infozamoraec.com\/index.php\/wp-json\/wp\/v2\/posts\/12964\/revisions"}],"predecessor-version":[{"id":12967,"href":"https:\/\/infozamoraec.com\/index.php\/wp-json\/wp\/v2\/posts\/12964\/revisions\/12967"}],"wp:featuredmedia":[{"embeddable":true,"href":"https:\/\/infozamoraec.com\/index.php\/wp-json\/wp\/v2\/media\/12965"}],"wp:attachment":[{"href":"https:\/\/infozamoraec.com\/index.php\/wp-json\/wp\/v2\/media?parent=12964"}],"wp:term":[{"taxonomy":"category","embeddable":true,"href":"https:\/\/infozamoraec.com\/index.php\/wp-json\/wp\/v2\/categories?post=12964"},{"taxonomy":"post_tag","embeddable":true,"href":"https:\/\/infozamoraec.com\/index.php\/wp-json\/wp\/v2\/tags?post=12964"}],"curies":[{"name":"wp","href":"https:\/\/api.w.org\/{rel}","templated":true}]}}