{"id":12958,"date":"2025-06-13T00:38:02","date_gmt":"2025-06-13T00:38:02","guid":{"rendered":"https:\/\/infozamoraec.com\/?p=12958"},"modified":"2025-06-13T00:38:23","modified_gmt":"2025-06-13T00:38:23","slug":"bloqueos-en-buenos-aires-en-protesta-por-condena-a-fernandez","status":"publish","type":"post","link":"https:\/\/infozamoraec.com\/index.php\/2025\/06\/13\/bloqueos-en-buenos-aires-en-protesta-por-condena-a-fernandez\/","title":{"rendered":"Bloqueos en Buenos Aires en protesta por condena a Fern\u00e1ndez"},"content":{"rendered":"<p>Organizaciones sociales, sindicales y pol\u00edticas iniciaron este jueves (12.06.2025) cortes en distintos accesos viales a la ciudad de Buenos Aires en protesta contra la condena a prisi\u00f3n de la expresidenta argentina\u00a0<a class=\"internal-link\" href=\"https:\/\/www.dw.com\/es\/fern%C3%A1ndez-de-kirchner-cristina\/t-18217752\" target=\"_blank\" rel=\"noopener\">Cristina Fern\u00e1ndez de Kirchner<\/a>.<\/p>\n<p>Mientras, por tercer d\u00eda consecutivo cientos de simpatizantes se apostaron frente al apartamento de la exmandataria, donde espera respuesta a su\u00a0<a class=\"internal-link\" href=\"https:\/\/www.dw.com\/es\/cristina-fern%C3%A1ndez-pidi%C3%B3-cumplir-su-condena-en-su-domicilio\/a-72877396\" target=\"_blank\" rel=\"noopener\">petici\u00f3n de cumplir en su domicilio<\/a>\u00a0la\u00a0<a class=\"internal-link\" href=\"https:\/\/www.dw.com\/es\/corte-suprema-argentina-confirma-condena-a-seis-a%C3%B1os-de-prisi%C3%B3n-de-cristina-fern%C3%A1ndez\/a-72863968\" target=\"_blank\" rel=\"noopener\">condena de seis a\u00f1os de prisi\u00f3n por corrupci\u00f3n ratificada por la Corte Suprema<\/a>\u00a0de\u00a0<a class=\"internal-link\" href=\"https:\/\/www.dw.com\/es\/argentina\/t-17411654\" target=\"_blank\" rel=\"noopener\">Argentina<\/a>.<\/p>\n<p>Tras el fallo de la Corte Suprema que el martes \u00faltimo ratific\u00f3 la condena a Fern\u00e1ndez e inhabilitaci\u00f3n a ejercer cargos p\u00fablicos de por vida, Argentina vive este jueves otra jornada marcada por distintos cortes de tr\u00e1nsito y movilizaciones.<\/p>\n<p>La Uni\u00f3n de Trabajadores de la Econom\u00eda Popular (UTEP) se manifiesta en la intersecci\u00f3n de la autopista Panamericana y la ruta 197, en la periferia norte de la capital argentina.<\/p>\n<h2>Barricadas con\u00a0neum\u00e1ticos en llamas<\/h2>\n<p>En la autopista que conecta las ciudades de Buenos Aires y La Plata (60 kil\u00f3metros al sur de la capital argentina), decenas de trabajadores bloquearon el tr\u00e1nsito con una l\u00ednea de neum\u00e1ticos a los que les prendieron fuego.<\/p>\n<p>Tambi\u00e9n se registran cortes en las autopistas de accesos al oeste y al sur de Buenos Aires, as\u00ed como en otras rutas estrat\u00e9gicas.<\/p>\n<p>Se espera que los manifestantes se dirijan m\u00e1s tarde a la plaza frente a la sede de los Tribunales, en el centro de la capital, en donde planean acampar toda la noche.<\/p>\n<p>Mientras tanto, otros simpatizantes del peronismo se agrupan en la puerta de la sede nacional del Partido Justicialista (PJ, peronista), en donde se llevar\u00e1 a cabo una nueva reuni\u00f3n del consejo directivo partidario.<\/p>\n<p>Tambi\u00e9n hay presencia de cientos de manifestantes a las puertas de la casa de Fern\u00e1ndez en el barrio capitalino de Constituci\u00f3n, donde la exmandataria espera que la Justicia le otorgue el beneficio de la prisi\u00f3n domiciliaria y desde cuyo balc\u00f3n se asoma cada tanto a saludar a sus seguidores.<\/p>\n<h2>Balconazos y c\u00e1nticos peronistas<\/h2>\n<p>La l\u00edder peronista, de 72 a\u00f1os, transcurri\u00f3 el d\u00eda acompa\u00f1ada de su hijo M\u00e1ximo Kirchner y recibi\u00f3 a integrantes de la organizaci\u00f3n de derechos humanos Abuelas de Plaza de Mayo, quienes desde la \u00faltima dictadura c\u00edvico-militar (1976-1983) reclaman por la aparici\u00f3n de sus nietos desaparecidos.<\/p>\n<p>En el primer &#8216;balconzado&#8217; de Fern\u00e1ndez de este jueves, los militantes saludaron a su l\u00edder con c\u00e1nticos peronistas y denuncias de proscripci\u00f3n.<\/p>\n<p>Fern\u00e1ndez fue condenada en 2022 en una causa por irregularidades en la concesi\u00f3n de obras viales entre 2003 y 2015, durante la gesti\u00f3n de su esposo fallecido, N\u00e9stor Kirchner, y sus dos mandatos posteriores.<\/p>\n<p>La Corte Suprema dio a Fern\u00e1ndez de Kirchner cinco d\u00edas h\u00e1biles, que se cumplen el mi\u00e9rcoles 18 de junio, para entregarse.<\/p>\n<p>jc (efe, afp)<\/p>\n","protected":false},"excerpt":{"rendered":"<p>Organizaciones sociales, sindicales y pol\u00edticas iniciaron este jueves (12.06.2025) cortes en distintos accesos viales a la ciudad de Buenos Aires en protesta contra la condena a prisi\u00f3n de la expresidenta argentina\u00a0Cristina Fern\u00e1ndez de Kirchner. Mientras, por tercer d\u00eda consecutivo cientos de simpatizantes se apostaron frente al apartamento de la exmandataria, donde espera respuesta a su\u00a0petici\u00f3n [&hellip;]<\/p>\n","protected":false},"author":1,"featured_media":12959,"comment_status":"open","ping_status":"open","sticky":false,"template":"","format":"standard","meta":{"footnotes":""},"categories":[8],"tags":[],"_links":{"self":[{"href":"https:\/\/infozamoraec.com\/index.php\/wp-json\/wp\/v2\/posts\/12958"}],"collection":[{"href":"https:\/\/infozamoraec.com\/index.php\/wp-json\/wp\/v2\/posts"}],"about":[{"href":"https:\/\/infozamoraec.com\/index.php\/wp-json\/wp\/v2\/types\/post"}],"author":[{"embeddable":true,"href":"https:\/\/infozamoraec.com\/index.php\/wp-json\/wp\/v2\/users\/1"}],"replies":[{"embeddable":true,"href":"https:\/\/infozamoraec.com\/index.php\/wp-json\/wp\/v2\/comments?post=12958"}],"version-history":[{"count":1,"href":"https:\/\/infozamoraec.com\/index.php\/wp-json\/wp\/v2\/posts\/12958\/revisions"}],"predecessor-version":[{"id":12960,"href":"https:\/\/infozamoraec.com\/index.php\/wp-json\/wp\/v2\/posts\/12958\/revisions\/12960"}],"wp:featuredmedia":[{"embeddable":true,"href":"https:\/\/infozamoraec.com\/index.php\/wp-json\/wp\/v2\/media\/12959"}],"wp:attachment":[{"href":"https:\/\/infozamoraec.com\/index.php\/wp-json\/wp\/v2\/media?parent=12958"}],"wp:term":[{"taxonomy":"category","embeddable":true,"href":"https:\/\/infozamoraec.com\/index.php\/wp-json\/wp\/v2\/categories?post=12958"},{"taxonomy":"post_tag","embeddable":true,"href":"https:\/\/infozamoraec.com\/index.php\/wp-json\/wp\/v2\/tags?post=12958"}],"curies":[{"name":"wp","href":"https:\/\/api.w.org\/{rel}","templated":true}]}}