{"id":12939,"date":"2025-06-13T00:19:01","date_gmt":"2025-06-13T00:19:01","guid":{"rendered":"https:\/\/infozamoraec.com\/?p=12939"},"modified":"2025-06-13T00:19:01","modified_gmt":"2025-06-13T00:19:01","slug":"operativo-nocturno-deja-dos-detenidos-por-presunto-delito-de-trafico-de-drogas-en-zamora","status":"publish","type":"post","link":"https:\/\/infozamoraec.com\/index.php\/2025\/06\/13\/operativo-nocturno-deja-dos-detenidos-por-presunto-delito-de-trafico-de-drogas-en-zamora\/","title":{"rendered":"Operativo \u201cNocturno\u201d deja dos detenidos por presunto delito de tr\u00e1fico de drogas en Zamora"},"content":{"rendered":"<p data-start=\"96\" data-end=\"432\">\u00a0La Polic\u00eda Nacional del Ecuador, a trav\u00e9s de sus unidades especializadas, ejecut\u00f3 el operativo \u201cNocturno\u201d en pleno centro de la ciudad de Zamora, logrando allanar un inmueble y detener a dos ciudadanos ecuatorianos en delito flagrante por presunta tenencia y expendio de sustancias sujetas a fiscalizaci\u00f3n.<\/p>\n<p data-start=\"434\" data-end=\"600\">Los aprehendidos responden a los nombres de Carlos H., de 48 a\u00f1os, y Reinaldo R., de 26 a\u00f1os, quienes fueron sorprendidos en posesi\u00f3n de sustancias sujetas a control.<\/p>\n<p data-start=\"602\" data-end=\"676\">Durante la intervenci\u00f3n policial, se incautaron los siguientes indicios:<\/p>\n<ul data-start=\"677\" data-end=\"823\">\n<li data-start=\"677\" data-end=\"703\">\n<p data-start=\"679\" data-end=\"703\">54 gramos de marihuana<\/p>\n<\/li>\n<li data-start=\"704\" data-end=\"726\">\n<p data-start=\"706\" data-end=\"726\">01 balanza gramera<\/p>\n<\/li>\n<li data-start=\"727\" data-end=\"753\">\n<p data-start=\"729\" data-end=\"753\">02 tel\u00e9fonos celulares<\/p>\n<\/li>\n<li data-start=\"754\" data-end=\"823\">\n<p data-start=\"756\" data-end=\"823\">Dinero en efectivo, presumiblemente producto de la venta de droga<\/p>\n<\/li>\n<\/ul>\n<p data-start=\"825\" data-end=\"1016\">El operativo se desarroll\u00f3 la tarde del mi\u00e9rcoles 11 de junio como parte de las acciones preventivas y de inteligencia que buscan combatir el microtr\u00e1fico y garantizar la seguridad ciudadana.<\/p>\n<p data-start=\"1018\" data-end=\"1274\">Los detenidos fueron puestos a \u00f3rdenes de la autoridad competente para la audiencia respectiva, mientras que los indicios recolectados fueron ingresados al Centro de Acopio de Indicios y Evidencias (CAIE) de la Jefatura Antidrogas, bajo cadena de custodia.<\/p>\n<p data-start=\"1276\" data-end=\"1476\" data-is-last-node=\"\" data-is-only-node=\"\">La Polic\u00eda Nacional reiter\u00f3 su compromiso de continuar ejecutando acciones firmes contra el narcotr\u00e1fico en todas sus formas, especialmente aquellas que afectan directamente a las comunidades locales.<\/p>\n","protected":false},"excerpt":{"rendered":"<p>\u00a0La Polic\u00eda Nacional del Ecuador, a trav\u00e9s de sus unidades especializadas, ejecut\u00f3 el operativo \u201cNocturno\u201d en pleno centro de la ciudad de Zamora, logrando allanar un inmueble y detener a dos ciudadanos ecuatorianos en delito flagrante por presunta tenencia y expendio de sustancias sujetas a fiscalizaci\u00f3n. Los aprehendidos responden a los nombres de Carlos H., [&hellip;]<\/p>\n","protected":false},"author":1,"featured_media":12940,"comment_status":"open","ping_status":"open","sticky":false,"template":"","format":"standard","meta":{"footnotes":""},"categories":[9],"tags":[],"_links":{"self":[{"href":"https:\/\/infozamoraec.com\/index.php\/wp-json\/wp\/v2\/posts\/12939"}],"collection":[{"href":"https:\/\/infozamoraec.com\/index.php\/wp-json\/wp\/v2\/posts"}],"about":[{"href":"https:\/\/infozamoraec.com\/index.php\/wp-json\/wp\/v2\/types\/post"}],"author":[{"embeddable":true,"href":"https:\/\/infozamoraec.com\/index.php\/wp-json\/wp\/v2\/users\/1"}],"replies":[{"embeddable":true,"href":"https:\/\/infozamoraec.com\/index.php\/wp-json\/wp\/v2\/comments?post=12939"}],"version-history":[{"count":1,"href":"https:\/\/infozamoraec.com\/index.php\/wp-json\/wp\/v2\/posts\/12939\/revisions"}],"predecessor-version":[{"id":12941,"href":"https:\/\/infozamoraec.com\/index.php\/wp-json\/wp\/v2\/posts\/12939\/revisions\/12941"}],"wp:featuredmedia":[{"embeddable":true,"href":"https:\/\/infozamoraec.com\/index.php\/wp-json\/wp\/v2\/media\/12940"}],"wp:attachment":[{"href":"https:\/\/infozamoraec.com\/index.php\/wp-json\/wp\/v2\/media?parent=12939"}],"wp:term":[{"taxonomy":"category","embeddable":true,"href":"https:\/\/infozamoraec.com\/index.php\/wp-json\/wp\/v2\/categories?post=12939"},{"taxonomy":"post_tag","embeddable":true,"href":"https:\/\/infozamoraec.com\/index.php\/wp-json\/wp\/v2\/tags?post=12939"}],"curies":[{"name":"wp","href":"https:\/\/api.w.org\/{rel}","templated":true}]}}