{"id":12934,"date":"2025-06-13T00:14:23","date_gmt":"2025-06-13T00:14:23","guid":{"rendered":"https:\/\/infozamoraec.com\/?p=12934"},"modified":"2025-06-13T00:14:23","modified_gmt":"2025-06-13T00:14:23","slug":"gad-municipal-de-zamora-y-maate-reconocen-a-jovenes-por-su-participacion-en-el-proyecto-jovenes-en-accion","status":"publish","type":"post","link":"https:\/\/infozamoraec.com\/index.php\/2025\/06\/13\/gad-municipal-de-zamora-y-maate-reconocen-a-jovenes-por-su-participacion-en-el-proyecto-jovenes-en-accion\/","title":{"rendered":"GAD Municipal de Zamora y MAATE reconocen a j\u00f3venes por su participaci\u00f3n en el proyecto \u201cJ\u00f3venes en Acci\u00f3n\u201d"},"content":{"rendered":"<p data-start=\"113\" data-end=\"445\">En un acto realizado en la Alcald\u00eda de Zamora, el Gobierno Aut\u00f3nomo Descentralizado Municipal de Zamora, en conjunto con el Ministerio del Ambiente, Agua y Transici\u00f3n Ecol\u00f3gica (MAATE), reconoci\u00f3 a los j\u00f3venes participantes del proyecto \u201cJ\u00f3venes en Acci\u00f3n\u201d, desarrollado entre enero y mayo de este a\u00f1o.<\/p>\n<p data-start=\"447\" data-end=\"857\">Durante la ceremonia, se resalt\u00f3 el compromiso de la juventud con iniciativas comunitarias, sociales y ambientales, destacando su aporte en la construcci\u00f3n de una sociedad m\u00e1s consciente y participativa. El evento cont\u00f3 con la presencia del alcalde de Zamora, Manuel Gonz\u00e1lez; el delegado del MAATE, Shuberth Lupercio; el concejal Franz Regalado; y el director de Gesti\u00f3n Ambiental del GADMZ, Edgar Balladarez.<\/p>\n<p data-start=\"859\" data-end=\"1110\">Las participantes Heidi Garc\u00eda y Alexa Jim\u00e9nez compartieron sus testimonios sobre el proceso vivido, valorando el acompa\u00f1amiento institucional y las oportunidades de involucrarse en acciones concretas en favor del medio ambiente y el desarrollo local.<\/p>\n<p data-start=\"1112\" data-end=\"1337\">El alcalde Gonz\u00e1lez destac\u00f3 que la juventud es un actor clave en el desarrollo sostenible del cant\u00f3n. \u201cSu energ\u00eda y compromiso son fundamentales para avanzar hacia una sociedad m\u00e1s justa y responsable con el entorno\u201d, se\u00f1al\u00f3.<\/p>\n<p data-start=\"1339\" data-end=\"1679\" data-is-last-node=\"\" data-is-only-node=\"\">Como parte del acto, se entregaron certificados de participaci\u00f3n a los j\u00f3venes reconocidos, como muestra de gratitud por su esfuerzo y dedicaci\u00f3n en las distintas actividades realizadas en el marco del proyecto. Las autoridades reafirmaron su compromiso de continuar generando espacios para fortalecer el liderazgo juvenil en el territorio.<\/p>\n","protected":false},"excerpt":{"rendered":"<p>En un acto realizado en la Alcald\u00eda de Zamora, el Gobierno Aut\u00f3nomo Descentralizado Municipal de Zamora, en conjunto con el Ministerio del Ambiente, Agua y Transici\u00f3n Ecol\u00f3gica (MAATE), reconoci\u00f3 a los j\u00f3venes participantes del proyecto \u201cJ\u00f3venes en Acci\u00f3n\u201d, desarrollado entre enero y mayo de este a\u00f1o. Durante la ceremonia, se resalt\u00f3 el compromiso de la [&hellip;]<\/p>\n","protected":false},"author":1,"featured_media":12935,"comment_status":"open","ping_status":"open","sticky":false,"template":"","format":"standard","meta":{"footnotes":""},"categories":[9],"tags":[],"_links":{"self":[{"href":"https:\/\/infozamoraec.com\/index.php\/wp-json\/wp\/v2\/posts\/12934"}],"collection":[{"href":"https:\/\/infozamoraec.com\/index.php\/wp-json\/wp\/v2\/posts"}],"about":[{"href":"https:\/\/infozamoraec.com\/index.php\/wp-json\/wp\/v2\/types\/post"}],"author":[{"embeddable":true,"href":"https:\/\/infozamoraec.com\/index.php\/wp-json\/wp\/v2\/users\/1"}],"replies":[{"embeddable":true,"href":"https:\/\/infozamoraec.com\/index.php\/wp-json\/wp\/v2\/comments?post=12934"}],"version-history":[{"count":2,"href":"https:\/\/infozamoraec.com\/index.php\/wp-json\/wp\/v2\/posts\/12934\/revisions"}],"predecessor-version":[{"id":12937,"href":"https:\/\/infozamoraec.com\/index.php\/wp-json\/wp\/v2\/posts\/12934\/revisions\/12937"}],"wp:featuredmedia":[{"embeddable":true,"href":"https:\/\/infozamoraec.com\/index.php\/wp-json\/wp\/v2\/media\/12935"}],"wp:attachment":[{"href":"https:\/\/infozamoraec.com\/index.php\/wp-json\/wp\/v2\/media?parent=12934"}],"wp:term":[{"taxonomy":"category","embeddable":true,"href":"https:\/\/infozamoraec.com\/index.php\/wp-json\/wp\/v2\/categories?post=12934"},{"taxonomy":"post_tag","embeddable":true,"href":"https:\/\/infozamoraec.com\/index.php\/wp-json\/wp\/v2\/tags?post=12934"}],"curies":[{"name":"wp","href":"https:\/\/api.w.org\/{rel}","templated":true}]}}