{"id":12923,"date":"2025-06-11T22:04:18","date_gmt":"2025-06-11T22:04:18","guid":{"rendered":"https:\/\/infozamoraec.com\/?p=12923"},"modified":"2025-06-11T22:04:30","modified_gmt":"2025-06-11T22:04:30","slug":"presidente-de-bolivia-no-habra-impunidad-para-evistas","status":"publish","type":"post","link":"https:\/\/infozamoraec.com\/index.php\/2025\/06\/11\/presidente-de-bolivia-no-habra-impunidad-para-evistas\/","title":{"rendered":"Presidente de Bolivia: no habr\u00e1 impunidad para \u00abevistas\u00bb"},"content":{"rendered":"<p>El presidente de\u00a0<a class=\"internal-link\" href=\"https:\/\/www.dw.com\/es\/bolivia\/t-17411684\" target=\"_blank\" rel=\"noopener\">Bolivia<\/a>, Luis Arce, dijo el martes (10.06.2025) que \u00abno habr\u00e1 impunidad\u00bb para los seguidores del exmandatario\u00a0<a class=\"internal-link\" href=\"https:\/\/www.dw.com\/es\/evo-morales\/t-17409405\" target=\"_blank\" rel=\"noopener\">Evo Morales<\/a>\u00a0que desataron un enfrentamiento en una poblaci\u00f3n rural que dej\u00f3 al menos 30 heridos, mientras siguen los bloqueos de caminos por parte de personas que insisten en forzar su candidatura.<\/p>\n<p>\u00abPondremos a disposici\u00f3n de la Justicia a cada uno de los responsables de sembrar terror y agredir a las familias bolivianas, a todos quienes est\u00e1n atentando contra el Estado Plurinacional que tanto nos cost\u00f3 conseguir. \u00a1No habr\u00e1 impunidad!\u00bb, escribi\u00f3 Arce en X.<\/p>\n<p>El mandatario se refiri\u00f3 a los enfrentamientos en la localidad de Llallagua, en el departamento de Potos\u00ed, entre los partidarios de Morales que mantienen bloqueadas las carreteras y los pobladores que se oponen a la medida y se organizaron para habilitar esas v\u00edas.<\/p>\n<h2>Denuncia \u00abjornada violenta\u00bb de seguidores de Morales<\/h2>\n<p>Arce indic\u00f3 que esta jornada en Llallagua \u00abha sido una de las m\u00e1s violentas y amargas de la historia reciente de Bolivia, dejando un saldo de m\u00e1s de 30 personas heridas\u00bb a manos de los manifestantes que respaldan a Morales (2006-2019).<\/p>\n<p>\u00abLejos de condenar esos actos, Morales sale festejando los desmanes y habla de &#8216;batalla final'\u00bb, acot\u00f3 Arce.<\/p>\n<p>El presidente aludi\u00f3 al t\u00e9rmino &#8216;batalla final&#8217;, atribuido a Morales, luego de que la semana pasada se hiciera p\u00fablico un audio en el que supuestamente el exgobernante instruye a sus sectores leales a que realicen un \u00abcerco\u00bb a la ciudad de La Paz mediante bloqueos de v\u00edas.<\/p>\n<h2>Diez d\u00edas de bloqueos<\/h2>\n<p>Por esto, el gobierno de Arce\u00a0<a class=\"internal-link\" href=\"https:\/\/www.dw.com\/es\/fiscal%C3%ADa-de-bolivia-abre-investigaci%C3%B3n-contra-evo-morales\/a-72849962\" target=\"_blank\" rel=\"noopener\">present\u00f3 una denuncia contra Morales por ocho delitos<\/a>, entre ellos terrorismo, la cual fue admitida por la Fiscal\u00eda.<\/p>\n<p>Los \u00abevtstas\u00bb\u00a0bloquean carreteras desde el 2 de junio para exigir que el pol\u00edtico sea inscrito para\u00a0las elecciones del 17 de agosto con el Partido de Acci\u00f3n Nacional Boliviano (Pan-Bol), que no fue habilitado por el Tribunal Electoral, porque perdi\u00f3 su personer\u00eda jur\u00eddica al no llegar al 3 % de votos en 2020.<\/p>\n<p>Tambi\u00e9n demandan la renuncia de Arce, a quien responsabilizan por la situaci\u00f3n econ\u00f3mica marcada por la inflaci\u00f3n, la escasez de d\u00f3lares y la falta de combustibles.<\/p>\n<p>El gobierno se\u00f1ala que las acciones de los manifestantes han dejado m\u00e1s de medio centenar de heridos\u00a0entre polic\u00edas, m\u00e9dicos y civiles, y acusa a los movilizados de impedir con violencia el paso de ambulancias, alimentos y combustible.<\/p>\n<p>gs (efe, Red Uno)<\/p>\n","protected":false},"excerpt":{"rendered":"<p>El presidente de\u00a0Bolivia, Luis Arce, dijo el martes (10.06.2025) que \u00abno habr\u00e1 impunidad\u00bb para los seguidores del exmandatario\u00a0Evo Morales\u00a0que desataron un enfrentamiento en una poblaci\u00f3n rural que dej\u00f3 al menos 30 heridos, mientras siguen los bloqueos de caminos por parte de personas que insisten en forzar su candidatura. \u00abPondremos a disposici\u00f3n de la Justicia a [&hellip;]<\/p>\n","protected":false},"author":1,"featured_media":12924,"comment_status":"open","ping_status":"open","sticky":false,"template":"","format":"standard","meta":{"footnotes":""},"categories":[8],"tags":[],"_links":{"self":[{"href":"https:\/\/infozamoraec.com\/index.php\/wp-json\/wp\/v2\/posts\/12923"}],"collection":[{"href":"https:\/\/infozamoraec.com\/index.php\/wp-json\/wp\/v2\/posts"}],"about":[{"href":"https:\/\/infozamoraec.com\/index.php\/wp-json\/wp\/v2\/types\/post"}],"author":[{"embeddable":true,"href":"https:\/\/infozamoraec.com\/index.php\/wp-json\/wp\/v2\/users\/1"}],"replies":[{"embeddable":true,"href":"https:\/\/infozamoraec.com\/index.php\/wp-json\/wp\/v2\/comments?post=12923"}],"version-history":[{"count":1,"href":"https:\/\/infozamoraec.com\/index.php\/wp-json\/wp\/v2\/posts\/12923\/revisions"}],"predecessor-version":[{"id":12925,"href":"https:\/\/infozamoraec.com\/index.php\/wp-json\/wp\/v2\/posts\/12923\/revisions\/12925"}],"wp:featuredmedia":[{"embeddable":true,"href":"https:\/\/infozamoraec.com\/index.php\/wp-json\/wp\/v2\/media\/12924"}],"wp:attachment":[{"href":"https:\/\/infozamoraec.com\/index.php\/wp-json\/wp\/v2\/media?parent=12923"}],"wp:term":[{"taxonomy":"category","embeddable":true,"href":"https:\/\/infozamoraec.com\/index.php\/wp-json\/wp\/v2\/categories?post=12923"},{"taxonomy":"post_tag","embeddable":true,"href":"https:\/\/infozamoraec.com\/index.php\/wp-json\/wp\/v2\/tags?post=12923"}],"curies":[{"name":"wp","href":"https:\/\/api.w.org\/{rel}","templated":true}]}}