{"id":12920,"date":"2025-06-11T22:02:19","date_gmt":"2025-06-11T22:02:19","guid":{"rendered":"https:\/\/infozamoraec.com\/?p=12920"},"modified":"2025-06-11T22:02:19","modified_gmt":"2025-06-11T22:02:19","slug":"colombia-uribe-muestra-indicios-de-mejoria-neurologica","status":"publish","type":"post","link":"https:\/\/infozamoraec.com\/index.php\/2025\/06\/11\/colombia-uribe-muestra-indicios-de-mejoria-neurologica\/","title":{"rendered":"Colombia: Uribe muestra \u201cindicios de mejor\u00eda neurol\u00f3gica\u201d"},"content":{"rendered":"<p>El senador y precandidato presidencial colombiano Miguel Uribe Turbay, herido con un disparo en la cabeza en un atentado el pasado s\u00e1bado, muestra \u00abindicios de mejor\u00eda neurol\u00f3gica\u00bb, seg\u00fan el nuevo parte m\u00e9dico divulgado este mi\u00e9rcoles (11-06.2025), aunque su situaci\u00f3n sigue siendo cr\u00edtica. Es el primer informe que reporta una mejor\u00eda en la condici\u00f3n del pol\u00edtico, de 39 a\u00f1os.<\/p>\n<p>\u00abEn medio de la severidad de su condici\u00f3n cl\u00ednica existen indicios de mejor\u00eda neurol\u00f3gica dada por una disminuci\u00f3n en el edema cerebral\u00bb, manifest\u00f3 en un comunicado la Fundaci\u00f3n Santa Fe, donde Uribe Turbay est\u00e1 internado. El parte m\u00e9dico a\u00f1ade que \u00abse evidencia tendencia hacia la estabilizaci\u00f3n hemodin\u00e1mica\u00bb, aunque recalca que el paciente sigue \u00aben estado cr\u00edtico y con monitoreo neurol\u00f3gico estricto\u201d.<\/p>\n<p>El pol\u00edtico, del partido derechista\u00a0<a class=\"internal-link\" href=\"https:\/\/www.dw.com\/es\/centro-democr%C3%A1tico\/t-35957555\" target=\"_blank\" rel=\"noopener\">Centro Democr\u00e1tico<\/a>, fue atacado a tiros el s\u00e1bado cuando participaba en un mitin en el barrio bogotano de Modelia, y fue intervenido quir\u00fargicamente el mismo d\u00eda en la Santa Fe por las heridas sufridas en la cabeza, donde recibi\u00f3 dos impactos, y en una pierna. Su esposa, Mar\u00eda Claudia Tarazona, dijo el martes que el senador segu\u00eda \u00abluchando por su vida\u201d.<\/p>\n<h2>Presunto autor se declar\u00f3 inocente<\/h2>\n<p>Uribe Turbay es nieto del expresidente liberal Julio C\u00e9sar Turbay, quien gobern\u00f3 Colombia entre 1978 y 1982, mientras que su madre, la periodista Diana Turbay Quintero, fue secuestrada y asesinada en 1991 por narcotraficantes al servicio del capo Pablo Escobar, durante una operaci\u00f3n de rescate organizada por las fuerzas de seguridad.<\/p>\n<p>El presunto autor del atentado es un joven de 15 a\u00f1os que fue detenido por los escoltas del dirigente tras una breve persecuci\u00f3n. El martes fue imputado por la fiscal\u00eda por intento de homicidio\u00a0<a class=\"internal-link\" href=\"https:\/\/www.dw.com\/es\/sospechoso-de-disparar-a-uribe-turbay-se-declara-inocente\/a-72864474\" target=\"_blank\" rel=\"noopener\">y se declar\u00f3 inocente<\/a>.\u00a0Un juez orden\u00f3 su traslado a un \u00abcentro de internamiento preventivo\u00bb especial para menores de edad.\u00a0 A\u00fan se desconoce qui\u00e9n es el autor intelectual del ataque.<\/p>\n<p>DZC (EFE, AFP)<\/p>\n","protected":false},"excerpt":{"rendered":"<p>El senador y precandidato presidencial colombiano Miguel Uribe Turbay, herido con un disparo en la cabeza en un atentado el pasado s\u00e1bado, muestra \u00abindicios de mejor\u00eda neurol\u00f3gica\u00bb, seg\u00fan el nuevo parte m\u00e9dico divulgado este mi\u00e9rcoles (11-06.2025), aunque su situaci\u00f3n sigue siendo cr\u00edtica. Es el primer informe que reporta una mejor\u00eda en la condici\u00f3n del pol\u00edtico, [&hellip;]<\/p>\n","protected":false},"author":1,"featured_media":12921,"comment_status":"open","ping_status":"open","sticky":false,"template":"","format":"standard","meta":{"footnotes":""},"categories":[8],"tags":[],"_links":{"self":[{"href":"https:\/\/infozamoraec.com\/index.php\/wp-json\/wp\/v2\/posts\/12920"}],"collection":[{"href":"https:\/\/infozamoraec.com\/index.php\/wp-json\/wp\/v2\/posts"}],"about":[{"href":"https:\/\/infozamoraec.com\/index.php\/wp-json\/wp\/v2\/types\/post"}],"author":[{"embeddable":true,"href":"https:\/\/infozamoraec.com\/index.php\/wp-json\/wp\/v2\/users\/1"}],"replies":[{"embeddable":true,"href":"https:\/\/infozamoraec.com\/index.php\/wp-json\/wp\/v2\/comments?post=12920"}],"version-history":[{"count":1,"href":"https:\/\/infozamoraec.com\/index.php\/wp-json\/wp\/v2\/posts\/12920\/revisions"}],"predecessor-version":[{"id":12922,"href":"https:\/\/infozamoraec.com\/index.php\/wp-json\/wp\/v2\/posts\/12920\/revisions\/12922"}],"wp:featuredmedia":[{"embeddable":true,"href":"https:\/\/infozamoraec.com\/index.php\/wp-json\/wp\/v2\/media\/12921"}],"wp:attachment":[{"href":"https:\/\/infozamoraec.com\/index.php\/wp-json\/wp\/v2\/media?parent=12920"}],"wp:term":[{"taxonomy":"category","embeddable":true,"href":"https:\/\/infozamoraec.com\/index.php\/wp-json\/wp\/v2\/categories?post=12920"},{"taxonomy":"post_tag","embeddable":true,"href":"https:\/\/infozamoraec.com\/index.php\/wp-json\/wp\/v2\/tags?post=12920"}],"curies":[{"name":"wp","href":"https:\/\/api.w.org\/{rel}","templated":true}]}}