{"id":12917,"date":"2025-06-11T22:00:22","date_gmt":"2025-06-11T22:00:22","guid":{"rendered":"https:\/\/infozamoraec.com\/?p=12917"},"modified":"2025-06-11T22:00:22","modified_gmt":"2025-06-11T22:00:22","slug":"cristina-fernandez-pidio-cumplir-su-condena-en-su-domicilio","status":"publish","type":"post","link":"https:\/\/infozamoraec.com\/index.php\/2025\/06\/11\/cristina-fernandez-pidio-cumplir-su-condena-en-su-domicilio\/","title":{"rendered":"Cristina Fern\u00e1ndez pidi\u00f3 cumplir su condena en su domicilio"},"content":{"rendered":"<p>La expresidenta argentina\u00a0<a class=\"internal-link\" href=\"https:\/\/www.dw.com\/es\/fern%C3%A1ndez-de-kirchner-cristina\/t-18217752\" target=\"_blank\" rel=\"noopener\">Cristina Fern\u00e1ndez<\/a>\u00a0solicit\u00f3 este mi\u00e9rcoles (11.06.2025) a la Justicia cumplir la condena de seis a\u00f1os de prisi\u00f3n por el delito de administraci\u00f3n fraudulenta,\u00a0<a class=\"internal-link\" href=\"https:\/\/www.dw.com\/es\/corte-suprema-argentina-confirma-condena-a-seis-a%C3%B1os-de-prisi%C3%B3n-de-cristina-fern%C3%A1ndez\/a-72863968\" target=\"_blank\" rel=\"noopener\">ratificada este martes por la Corte Suprema<\/a>, en su domicilio en el barrio de Constituci\u00f3n, en Buenos Aires. Adem\u00e1s, el Tribunal ratific\u00f3 el plazo de 5 d\u00edas para que la dirigente peronista sea notificada, rechazando as\u00ed una petici\u00f3n de la fiscal\u00eda que buscaba acelerar el proceso.<\/p>\n<p>A trav\u00e9s de su abogado, Alberto Beraldi, Fern\u00e1ndez present\u00f3 ante el Tribunal Oral en lo Criminal Federal N\u00b02 -que en 2022 la conden\u00f3 por irregularidades en la concesi\u00f3n de obras viales- la solicitud de cumplir la pena en su residencia, dado que tiene m\u00e1s de 70 a\u00f1os y es elegible para ese beneficio, e indica que el domicilio propuesto es el que actualmente habita la dirigente peronista en el barrio porte\u00f1o de Constituci\u00f3n.<\/p>\n<p>\u00abQue se autorice a nuestra representada a cumplir la pena privativa de libertad impuesta en autos bajo la modalidad de detenci\u00f3n domiciliaria\u201d, se\u00f1ala el escrito, conocido un d\u00eda despu\u00e9s de que la Corte Suprema hiciera firme la condena a seis a\u00f1os de prisi\u00f3n e inhabilitaci\u00f3n perpetua del ejercicio de cargos p\u00fablicos contra Fern\u00e1ndez, que tiene un plazo de 5 d\u00edas h\u00e1biles para presentarse ante los tribunales.<\/p>\n<h2>\u00abNo estamos pidiendo privilegios\u201d<\/h2>\n<p>\u00abNo estamos pidiendo privilegios, sino que se le d\u00e9 el mismo tratamiento que a cualquier otra persona en la misma situaci\u00f3n jur\u00eddica\u00bb, dijo Beraldi a los medios, mientras otro abogado de Fern\u00e1ndez, Gregorio Dalb\u00f3n, viajaba a La Haya (Pa\u00edses Bajos) para denunciar ante la\u00a0<a class=\"internal-link\" href=\"https:\/\/www.dw.com\/es\/cpi-corte-penal-internacional\/t-36179580\" target=\"_blank\" rel=\"noopener\">Corte Penal Internacional<\/a>\u00a0una \u00abpersecuci\u00f3n pol\u00edtica\u00bb contra la principal opositora al gobierno del ultraliberal\u00a0<a class=\"internal-link\" href=\"https:\/\/www.dw.com\/es\/milei-javier\/t-67510223\" target=\"_blank\" rel=\"noopener\">Javier Milei<\/a>.<\/p>\n<p>\u00abEsta condena es el resultado de un proceso viciado, direccionado desde su origen para lograr un objetivo pol\u00edtico: proscribir a la mujer que m\u00e1s veces gan\u00f3 en las urnas desde la recuperaci\u00f3n democr\u00e1tica\u00bb, escribi\u00f3 Dalb\u00f3n en la red X (Twitter), al anunciar que acudir\u00e1 tambi\u00e9n a la Comisi\u00f3n Interamericana de Derechos Humanos.<\/p>\n<p>En tanto, el Tribunal rechaz\u00f3 un pedido realizado por la Fiscal\u00eda para detener de forma inmediata a la pol\u00edtica, y ratific\u00f3 el plazo de cinco d\u00edas que tiene Fern\u00e1ndez para presentarse ante la Justicia. En caso de incumplimiento de dicha instrucci\u00f3n, los jueces podr\u00e1n ordenar su detenci\u00f3n.<\/p>\n<p>DZC (EFE, AFP)<\/p>\n","protected":false},"excerpt":{"rendered":"<p>La expresidenta argentina\u00a0Cristina Fern\u00e1ndez\u00a0solicit\u00f3 este mi\u00e9rcoles (11.06.2025) a la Justicia cumplir la condena de seis a\u00f1os de prisi\u00f3n por el delito de administraci\u00f3n fraudulenta,\u00a0ratificada este martes por la Corte Suprema, en su domicilio en el barrio de Constituci\u00f3n, en Buenos Aires. Adem\u00e1s, el Tribunal ratific\u00f3 el plazo de 5 d\u00edas para que la dirigente peronista [&hellip;]<\/p>\n","protected":false},"author":1,"featured_media":12918,"comment_status":"open","ping_status":"open","sticky":false,"template":"","format":"standard","meta":{"footnotes":""},"categories":[8],"tags":[],"_links":{"self":[{"href":"https:\/\/infozamoraec.com\/index.php\/wp-json\/wp\/v2\/posts\/12917"}],"collection":[{"href":"https:\/\/infozamoraec.com\/index.php\/wp-json\/wp\/v2\/posts"}],"about":[{"href":"https:\/\/infozamoraec.com\/index.php\/wp-json\/wp\/v2\/types\/post"}],"author":[{"embeddable":true,"href":"https:\/\/infozamoraec.com\/index.php\/wp-json\/wp\/v2\/users\/1"}],"replies":[{"embeddable":true,"href":"https:\/\/infozamoraec.com\/index.php\/wp-json\/wp\/v2\/comments?post=12917"}],"version-history":[{"count":1,"href":"https:\/\/infozamoraec.com\/index.php\/wp-json\/wp\/v2\/posts\/12917\/revisions"}],"predecessor-version":[{"id":12919,"href":"https:\/\/infozamoraec.com\/index.php\/wp-json\/wp\/v2\/posts\/12917\/revisions\/12919"}],"wp:featuredmedia":[{"embeddable":true,"href":"https:\/\/infozamoraec.com\/index.php\/wp-json\/wp\/v2\/media\/12918"}],"wp:attachment":[{"href":"https:\/\/infozamoraec.com\/index.php\/wp-json\/wp\/v2\/media?parent=12917"}],"wp:term":[{"taxonomy":"category","embeddable":true,"href":"https:\/\/infozamoraec.com\/index.php\/wp-json\/wp\/v2\/categories?post=12917"},{"taxonomy":"post_tag","embeddable":true,"href":"https:\/\/infozamoraec.com\/index.php\/wp-json\/wp\/v2\/tags?post=12917"}],"curies":[{"name":"wp","href":"https:\/\/api.w.org\/{rel}","templated":true}]}}