{"id":12881,"date":"2025-06-11T02:28:26","date_gmt":"2025-06-11T02:28:26","guid":{"rendered":"https:\/\/infozamoraec.com\/?p=12881"},"modified":"2025-06-11T02:28:26","modified_gmt":"2025-06-11T02:28:26","slug":"sospechoso-de-disparar-a-uribe-turbay-se-declara-inocente","status":"publish","type":"post","link":"https:\/\/infozamoraec.com\/index.php\/2025\/06\/11\/sospechoso-de-disparar-a-uribe-turbay-se-declara-inocente\/","title":{"rendered":"Sospechoso de disparar a Uribe Turbay se declara inocente"},"content":{"rendered":"<p>El adolescente de 15 a\u00f1os sospechoso de balear al aspirante presidencial, Miguel Uribe Turbay, en\u00a0<a class=\"internal-link\" href=\"https:\/\/www.dw.com\/es\/colombia\/t-17411736\" target=\"_blank\" rel=\"noopener\">Colombia<\/a>, se declar\u00f3 este martes (10.06.2025) inocente del delito de homicidio en grado de tentativa del que se lo acusa, inform\u00f3 a la AFP una fuente de la Fiscal\u00eda.<\/p>\n<p>Tambi\u00e9n imputado por porte y fabricaci\u00f3n de armas, el joven fue capturado el s\u00e1bado luego de presuntamente herir con tres disparos al senador de derecha Uribe Turbay durante una reuni\u00f3n con decenas de personas en un parque de Bogot\u00e1.<\/p>\n<p>El dirigente del partido Centro Democr\u00e1tico, opositor al gobierno del izquierdista Gustavo Petro, est\u00e1 en cuidados intensivos y\u00a0<a class=\"internal-link\" href=\"https:\/\/www.dw.com\/es\/uribe-turbay-sigue-grave-y-no-ha-reaccionado-a-las-operaciones\/a-72846748\" target=\"_blank\" rel=\"noopener\">su condici\u00f3n es estable, pero cr\u00edtica<\/a>, seg\u00fan el m\u00e1s reciente parte m\u00e9dico.<\/p>\n<p>Frente a la cl\u00ednica, la esposa del senador, Mar\u00eda Claudia Tarazona, dijo a periodistas que su marido \u00absigue luchando por su vida\u00bb.<\/p>\n<p>A\u00fan se desconocen las razones y los autores intelectuales del atentado. El presunto pistolero intent\u00f3 huir, pero los escoltas de Uribe le dispararon en una pierna y lo detuvieron.<\/p>\n<p>En un video de ese momento dice estar dispuesto a colaborar con las autoridades. Pas\u00f3 por el quir\u00f3fano y sigue hospitalizado bajo fuerte custodia, indic\u00f3 la Fiscal\u00eda.<\/p>\n<p>Un juez \u00able impuso al adolescente medida de internamiento preventivo\u00bb en un \u00abcentro especializado\u00bb para menores, seg\u00fan el ente investigador.<\/p>\n<p>Una fuente de la entidad asegur\u00f3 que ser\u00e1 trasladado en la tarde del martes a un b\u00fanker de la Fiscal\u00eda en Bogot\u00e1, mientras se decide el lugar al que ir\u00e1, en el que \u00abno corra peligro\u00bb.<\/p>\n<p>Si es hallado culpable puede pasar ocho a\u00f1os privado de la libertad, aunque no en una c\u00e1rcel com\u00fan, debido a que es menor de edad, se\u00f1al\u00f3 la fiscal general, Luz Adriana Camargo.<\/p>\n<p>El ministro de Defensa, Pedro S\u00e1nchez, asegur\u00f3 que el adolescente recibi\u00f3 dinero a cambio de disparar a Uribe, pero no precis\u00f3 el monto.<\/p>\n<p>La directora del organismo estatal de protecci\u00f3n de menores (IBCF), Astrid C\u00e1ceres, inform\u00f3 que el adolescente vive con una t\u00eda, pues el padre est\u00e1 fuera del pa\u00eds. La madre muri\u00f3, seg\u00fan medios locales.<\/p>\n<p>El lunes, Petro inform\u00f3 en la red social X que el menor particip\u00f3 en un programa social de su gobierno dirigido a j\u00f3venes vulnerables, en el que \u00abdemostr\u00f3 una personalidad completamente conflictiva\u00bb.<\/p>\n<p>Le costaba \u00abestablecer v\u00ednculos intersociales\u00bb, sostuvo el presidente. Petro apunt\u00f3 contra la \u00abmafia con asiento internacional\u00bb como posible responsable del atentado.<\/p>\n<p>Hay \u00abindicios muy fuertes que han llegado a dirigentes muy altos de la oposici\u00f3n\u00bb y el oficialismo, afirm\u00f3 el mandatario.<\/p>\n<p>Pidi\u00f3 reforzar la seguridad de altos dirigentes de la derecha, como el expresidente \u00c1lvaro Uribe (2002-2010), l\u00edder del Centro Democr\u00e1tico.<\/p>\n<h2>Petro culpa a la \u00abmafia\u00bb<\/h2>\n<p>El influyente exgobernante denunci\u00f3 el lunes que la \u00abinteligencia internacional\u00bb le inform\u00f3 de un supuesto plan para atentar en su contra. El Centro Democr\u00e1tico afirma que supuestamente se est\u00e1n ofreciendo ocho millones de d\u00f3lares para asesinar a sus dirigentes.<\/p>\n<p>Si la mafia est\u00e1 detr\u00e1s del crimen, posiblemente se debe a que el gobierno ha \u00abgolpeado dur\u00edsimo\u00bb al narcotr\u00e1fico, asegur\u00f3 Petro.<\/p>\n<p>Cuando fue capturado, el joven gritaba que recib\u00eda \u00f3rdenes de una persona de la \u00abolla\u00bb, como se le conoce en Colombia a los lugares de expendio de drogas.<\/p>\n<p>El presidente denunci\u00f3 que, el d\u00eda del ataque, la\u00a0<a class=\"internal-link\" href=\"https:\/\/www.dw.com\/es\/petro-cuestiona-reducci%C3%B3n-de-custodia-de-uribe-antes-del-atentado\/a-72849874\" target=\"_blank\" rel=\"noopener\">custodia de Miguel Uribe fue reducida \u00abextra\u00f1amente\u00bb<\/a>\u00a0de siete a tres escoltas.<\/p>\n<p>En d\u00edas previos, el ministro de Defensa mencion\u00f3 otras l\u00edneas de investigaci\u00f3n para determinar las razones del atentado.<\/p>\n<p>Una es que se trat\u00f3 de un mensaje contra el Centro Democr\u00e1tico, partido que busca recuperar el poder en las elecciones presidenciales de 2026.<\/p>\n<p>Otra es que se trata de un intento de \u00abdesestabilizar\u00bb al gobierno de Petro, a quien sectores de la derecha acusan de incitar el odio contra la oposici\u00f3n.<\/p>\n<p>La fiscal general explic\u00f3 que el pistolero posiblemente no conoce verdaderamente qui\u00e9n orden\u00f3 el crimen y simplemente fue contratado por una \u00abred sicarial\u00bb.<\/p>\n<p>Desde el Cartel de Medell\u00edn de Pablo Escobar, que sembr\u00f3 terror en los a\u00f1os 1980 y 1990, las mafias usan a menores de edad para que comentan estos cr\u00edmenes.<\/p>\n<p>Por lo general provienen de familias pobres, viven en barrios marginales o est\u00e1n alejados de sus padres.<\/p>\n<p>mg (afp, Pulzo.com)<\/p>\n","protected":false},"excerpt":{"rendered":"<p>El adolescente de 15 a\u00f1os sospechoso de balear al aspirante presidencial, Miguel Uribe Turbay, en\u00a0Colombia, se declar\u00f3 este martes (10.06.2025) inocente del delito de homicidio en grado de tentativa del que se lo acusa, inform\u00f3 a la AFP una fuente de la Fiscal\u00eda. Tambi\u00e9n imputado por porte y fabricaci\u00f3n de armas, el joven fue capturado [&hellip;]<\/p>\n","protected":false},"author":1,"featured_media":12882,"comment_status":"open","ping_status":"open","sticky":false,"template":"","format":"standard","meta":{"footnotes":""},"categories":[8],"tags":[],"_links":{"self":[{"href":"https:\/\/infozamoraec.com\/index.php\/wp-json\/wp\/v2\/posts\/12881"}],"collection":[{"href":"https:\/\/infozamoraec.com\/index.php\/wp-json\/wp\/v2\/posts"}],"about":[{"href":"https:\/\/infozamoraec.com\/index.php\/wp-json\/wp\/v2\/types\/post"}],"author":[{"embeddable":true,"href":"https:\/\/infozamoraec.com\/index.php\/wp-json\/wp\/v2\/users\/1"}],"replies":[{"embeddable":true,"href":"https:\/\/infozamoraec.com\/index.php\/wp-json\/wp\/v2\/comments?post=12881"}],"version-history":[{"count":1,"href":"https:\/\/infozamoraec.com\/index.php\/wp-json\/wp\/v2\/posts\/12881\/revisions"}],"predecessor-version":[{"id":12883,"href":"https:\/\/infozamoraec.com\/index.php\/wp-json\/wp\/v2\/posts\/12881\/revisions\/12883"}],"wp:featuredmedia":[{"embeddable":true,"href":"https:\/\/infozamoraec.com\/index.php\/wp-json\/wp\/v2\/media\/12882"}],"wp:attachment":[{"href":"https:\/\/infozamoraec.com\/index.php\/wp-json\/wp\/v2\/media?parent=12881"}],"wp:term":[{"taxonomy":"category","embeddable":true,"href":"https:\/\/infozamoraec.com\/index.php\/wp-json\/wp\/v2\/categories?post=12881"},{"taxonomy":"post_tag","embeddable":true,"href":"https:\/\/infozamoraec.com\/index.php\/wp-json\/wp\/v2\/tags?post=12881"}],"curies":[{"name":"wp","href":"https:\/\/api.w.org\/{rel}","templated":true}]}}