{"id":12878,"date":"2025-06-11T02:25:12","date_gmt":"2025-06-11T02:25:12","guid":{"rendered":"https:\/\/infozamoraec.com\/?p=12878"},"modified":"2025-06-11T02:28:56","modified_gmt":"2025-06-11T02:28:56","slug":"corte-confirma-condena-de-prision-contra-cristina-fernandez","status":"publish","type":"post","link":"https:\/\/infozamoraec.com\/index.php\/2025\/06\/11\/corte-confirma-condena-de-prision-contra-cristina-fernandez\/","title":{"rendered":"Corte confirma condena de prisi\u00f3n contra Cristina Fern\u00e1ndez"},"content":{"rendered":"<p>La Corte Suprema de\u00a0<a class=\"internal-link\" href=\"https:\/\/www.dw.com\/es\/argentina\/t-17411654\" target=\"_blank\" rel=\"noopener\">Argentina<\/a>\u00a0rechaz\u00f3 este martes (10.06.2025) el recurso presentado por la expresidenta\u00a0<a class=\"internal-link\" href=\"https:\/\/www.dw.com\/es\/fern%C3%A1ndez-de-kirchner-cristina\/t-18217752\" target=\"_blank\" rel=\"noopener\">Cristina Fern\u00e1ndez<\/a>\u00a0(2007-2015) y dej\u00f3 en firme la condena a seis a\u00f1os de prisi\u00f3n e inhabilitaci\u00f3n perpetua para ejercer cargos p\u00fablicos, dictada contra ella en 2022 por irregularidades en la concesi\u00f3n de obras viales.\u00a0Tras esta decisi\u00f3n, adoptada por unanimidad por los tres jueces del Supremo, Fern\u00e1ndez podr\u00eda ser detenida en las pr\u00f3ximas horas o d\u00edas para cumplir la condena.<\/p>\n<p>\u00abLas sentencias dictadas por los tribunales anteriores se asentaron en la profusa prueba producida (&#8230;) sin que se haya demostrado en modo alguno que la decisi\u00f3n apelada no constituya una derivaci\u00f3n razonada del derecho vigente de conformidad con las circunstancias particulares comprobadas en la causa, ni que durante el proceso se haya vulnerado alguna garant\u00eda constitucional\u00bb, dice el fallo de los jueces Horacio Rosatti, Carlos Rosenkrantz y Ricardo Lorenzetti.<\/p>\n<p>Y a\u00f1ade: \u00abEl debido proceso ha sido salvaguardado y la recurrente ha obtenido una sentencia fundada en ley\u00bb. De esta forma, se ratifica\u00a0la condena en segunda instancia por irregularidades en la concesi\u00f3n de obras p\u00fablicas en la provincia de Santa Cruz (sur). Ahora, el fallo de la Corte debe ser remitido al Tribunal Oral Federal 2 para que su titular, el juez Jorge Gorini, ejecute la sentencia dictada en 2022.<\/p>\n<h2>Milei: \u00abJusticia\u00bb<\/h2>\n<p>El fallo del Supremo lleg\u00f3 ocho d\u00edas despu\u00e9s de que la expresidenta anunciara su candidatura en los elecciones legislativas en la provincia de Buenos Aires, previstas para septiembre.\u00a0Al haberse alcanzado una decisi\u00f3n antes de la fecha de presentaci\u00f3n oficial de las candidaturas para dichos comicios el pr\u00f3ximo 19 de julio, la exmandataria queda ahora imposibilitada de competir en esa elecci\u00f3n y cualquier otra.<\/p>\n<p>La causa por la que fue condenada, conocida como &#8216;Vialidad&#8217;, investig\u00f3 supuestas irregularidades en la adjudicaci\u00f3n de 51 obras viales en la provincia de Santa Cruz a compa\u00f1\u00edas del empresario L\u00e1zaro B\u00e1ez durante los gobiernos de N\u00e9stor Kirchner (2003-2007) y Cristina Fern\u00e1ndez (2007-2015). Fern\u00e1ndez podr\u00e1 pedir la prisi\u00f3n domiciliaria atendiendo a que tiene m\u00e1s de 70 a\u00f1os, aunque sus abogados deber\u00e1n justificar la solicitud, sobre la que tendr\u00e1 que opinar tambi\u00e9n el fiscal que investig\u00f3 la causa, Diego Luciani.<\/p>\n<p>El presidente de Argentina,\u00a0<a class=\"internal-link\" href=\"https:\/\/www.dw.com\/es\/milei-javier\/t-67510223\" target=\"_blank\" rel=\"noopener\">Javier Milei<\/a>, celebr\u00f3 el fallo, se\u00f1alando que se hizo \u00abjusticia\u00bb.\u00a0\u00abJusticia. Fin. PD: La rep\u00fablica funciona y todos los periodistas corruptos, c\u00f3mplices de pol\u00edticos mentirosos, han quedado expuestos en sus operetas sobre el supuesto pacto de impunidad\u00bb, public\u00f3 en su perfil de la red social X (Twitter), en alusi\u00f3n a quienes lo acusaban de mantener un pacto con la exmandataria.<\/p>\n<p>DZC (EFE, AFP, Clar\u00edn)<\/p>\n","protected":false},"excerpt":{"rendered":"<p>La Corte Suprema de\u00a0Argentina\u00a0rechaz\u00f3 este martes (10.06.2025) el recurso presentado por la expresidenta\u00a0Cristina Fern\u00e1ndez\u00a0(2007-2015) y dej\u00f3 en firme la condena a seis a\u00f1os de prisi\u00f3n e inhabilitaci\u00f3n perpetua para ejercer cargos p\u00fablicos, dictada contra ella en 2022 por irregularidades en la concesi\u00f3n de obras viales.\u00a0Tras esta decisi\u00f3n, adoptada por unanimidad por los tres jueces del [&hellip;]<\/p>\n","protected":false},"author":1,"featured_media":12879,"comment_status":"open","ping_status":"open","sticky":false,"template":"","format":"standard","meta":{"footnotes":""},"categories":[8],"tags":[],"_links":{"self":[{"href":"https:\/\/infozamoraec.com\/index.php\/wp-json\/wp\/v2\/posts\/12878"}],"collection":[{"href":"https:\/\/infozamoraec.com\/index.php\/wp-json\/wp\/v2\/posts"}],"about":[{"href":"https:\/\/infozamoraec.com\/index.php\/wp-json\/wp\/v2\/types\/post"}],"author":[{"embeddable":true,"href":"https:\/\/infozamoraec.com\/index.php\/wp-json\/wp\/v2\/users\/1"}],"replies":[{"embeddable":true,"href":"https:\/\/infozamoraec.com\/index.php\/wp-json\/wp\/v2\/comments?post=12878"}],"version-history":[{"count":1,"href":"https:\/\/infozamoraec.com\/index.php\/wp-json\/wp\/v2\/posts\/12878\/revisions"}],"predecessor-version":[{"id":12880,"href":"https:\/\/infozamoraec.com\/index.php\/wp-json\/wp\/v2\/posts\/12878\/revisions\/12880"}],"wp:featuredmedia":[{"embeddable":true,"href":"https:\/\/infozamoraec.com\/index.php\/wp-json\/wp\/v2\/media\/12879"}],"wp:attachment":[{"href":"https:\/\/infozamoraec.com\/index.php\/wp-json\/wp\/v2\/media?parent=12878"}],"wp:term":[{"taxonomy":"category","embeddable":true,"href":"https:\/\/infozamoraec.com\/index.php\/wp-json\/wp\/v2\/categories?post=12878"},{"taxonomy":"post_tag","embeddable":true,"href":"https:\/\/infozamoraec.com\/index.php\/wp-json\/wp\/v2\/tags?post=12878"}],"curies":[{"name":"wp","href":"https:\/\/api.w.org\/{rel}","templated":true}]}}