{"id":12862,"date":"2025-06-11T00:54:50","date_gmt":"2025-06-11T00:54:50","guid":{"rendered":"https:\/\/infozamoraec.com\/?p=12862"},"modified":"2025-06-11T00:54:50","modified_gmt":"2025-06-11T00:54:50","slug":"asamblea-minera-provincial-reafirma-lucha-por-la-dignidad-de-la-mape-y-exige-respuestas-al-gobierno","status":"publish","type":"post","link":"https:\/\/infozamoraec.com\/index.php\/2025\/06\/11\/asamblea-minera-provincial-reafirma-lucha-por-la-dignidad-de-la-mape-y-exige-respuestas-al-gobierno\/","title":{"rendered":"Asamblea Minera Provincial reafirma lucha por la dignidad de la MAPE y exige respuestas al Gobierno"},"content":{"rendered":"<p data-start=\"105\" data-end=\"587\">Con la presencia de representantes de asociaciones mineras, propietarios de predios, y actores comunitarios, se desarroll\u00f3 en Zamora Chinchipe la Asamblea Minera Provincial por la Dignidad de la Miner\u00eda Artesanal y de Peque\u00f1a Escala (MAPE). El encuentro ratific\u00f3 las resoluciones adoptadas el pasado 19 de mayo y exigi\u00f3 respuestas inmediatas del Gobierno Nacional, as\u00ed como la presencia de los ministros de Miner\u00eda y Ambiente en territorio.<\/p>\n<p data-start=\"589\" data-end=\"1018\">Entre los temas abordados se destac\u00f3 la necesidad de un nuevo censo minero que permita identificar a los mineros activos y reconozca el derecho preferente de quienes poseen los terrenos. Tambi\u00e9n se solicit\u00f3 la instalaci\u00f3n de mesas t\u00e9cnicas interinstitucionales y comunitarias para garantizar que la reapertura del catastro minero beneficie a los actores hist\u00f3ricos del sector y no genere nuevos conflictos sociales o ambientales.<\/p>\n<p data-start=\"1020\" data-end=\"1302\">En materia econ\u00f3mica, se propuso una tasa de fiscalizaci\u00f3n diferenciada: 3% para la miner\u00eda artesanal y 5% para la peque\u00f1a miner\u00eda. Adem\u00e1s, se exhort\u00f3 a los asamble\u00edstas de Zamora Chinchipe a impulsar una resoluci\u00f3n legislativa que permita revisar esta tasa con enfoque territorial.<\/p>\n<p data-start=\"1304\" data-end=\"1671\">Otro punto central fue la exigencia de regularizar m\u00e1s de 820 derechos mineros que, seg\u00fan los asistentes, cumplen con los requisitos legales. Se solicit\u00f3 tambi\u00e9n que el Estado garantice el respeto a la normativa vigente, especialmente frente a las operaciones de empresas transnacionales que, seg\u00fan denuncias, no respetan los contratos con los propietarios de fincas.<\/p>\n<p data-start=\"1673\" data-end=\"1978\">En relaci\u00f3n al caso Cumbaratza, los mineros solicitaron reactivar el proceso de mediaci\u00f3n suspendido por el Ministerio de Energ\u00eda y Minas. Rechazaron categ\u00f3ricamente cualquier intento de entregar las \u00e1reas en conflicto a terceros ajenos, lo que \u2014aseguran\u2014 afectar\u00eda los derechos de m\u00e1s de 10 mil personas.<\/p>\n<p data-start=\"1980\" data-end=\"2332\" data-is-last-node=\"\" data-is-only-node=\"\">La asamblea culmin\u00f3 con un plant\u00f3n en los exteriores de la Gobernaci\u00f3n de Zamora, donde los representantes de la MAPE fueron recibidos por el Intendente General de Polic\u00eda, en representaci\u00f3n de la gobernadora Ivonne Panchi. Asimismo, se conform\u00f3 una comisi\u00f3n que viajar\u00e1 a Quito para entregar oficialmente las resoluciones a las autoridades nacionales.<\/p>\n","protected":false},"excerpt":{"rendered":"<p>Con la presencia de representantes de asociaciones mineras, propietarios de predios, y actores comunitarios, se desarroll\u00f3 en Zamora Chinchipe la Asamblea Minera Provincial por la Dignidad de la Miner\u00eda Artesanal y de Peque\u00f1a Escala (MAPE). El encuentro ratific\u00f3 las resoluciones adoptadas el pasado 19 de mayo y exigi\u00f3 respuestas inmediatas del Gobierno Nacional, as\u00ed como [&hellip;]<\/p>\n","protected":false},"author":1,"featured_media":12863,"comment_status":"open","ping_status":"open","sticky":false,"template":"","format":"standard","meta":{"footnotes":""},"categories":[9],"tags":[],"_links":{"self":[{"href":"https:\/\/infozamoraec.com\/index.php\/wp-json\/wp\/v2\/posts\/12862"}],"collection":[{"href":"https:\/\/infozamoraec.com\/index.php\/wp-json\/wp\/v2\/posts"}],"about":[{"href":"https:\/\/infozamoraec.com\/index.php\/wp-json\/wp\/v2\/types\/post"}],"author":[{"embeddable":true,"href":"https:\/\/infozamoraec.com\/index.php\/wp-json\/wp\/v2\/users\/1"}],"replies":[{"embeddable":true,"href":"https:\/\/infozamoraec.com\/index.php\/wp-json\/wp\/v2\/comments?post=12862"}],"version-history":[{"count":2,"href":"https:\/\/infozamoraec.com\/index.php\/wp-json\/wp\/v2\/posts\/12862\/revisions"}],"predecessor-version":[{"id":12865,"href":"https:\/\/infozamoraec.com\/index.php\/wp-json\/wp\/v2\/posts\/12862\/revisions\/12865"}],"wp:featuredmedia":[{"embeddable":true,"href":"https:\/\/infozamoraec.com\/index.php\/wp-json\/wp\/v2\/media\/12863"}],"wp:attachment":[{"href":"https:\/\/infozamoraec.com\/index.php\/wp-json\/wp\/v2\/media?parent=12862"}],"wp:term":[{"taxonomy":"category","embeddable":true,"href":"https:\/\/infozamoraec.com\/index.php\/wp-json\/wp\/v2\/categories?post=12862"},{"taxonomy":"post_tag","embeddable":true,"href":"https:\/\/infozamoraec.com\/index.php\/wp-json\/wp\/v2\/tags?post=12862"}],"curies":[{"name":"wp","href":"https:\/\/api.w.org\/{rel}","templated":true}]}}