{"id":12846,"date":"2025-06-10T01:13:06","date_gmt":"2025-06-10T01:13:06","guid":{"rendered":"https:\/\/infozamoraec.com\/?p=12846"},"modified":"2025-06-10T01:13:06","modified_gmt":"2025-06-10T01:13:06","slug":"barbara-se-convierte-en-huracan-frente-al-pacifico-de-mexico","status":"publish","type":"post","link":"https:\/\/infozamoraec.com\/index.php\/2025\/06\/10\/barbara-se-convierte-en-huracan-frente-al-pacifico-de-mexico\/","title":{"rendered":"B\u00e1rbara se convierte en hurac\u00e1n frente al Pac\u00edfico de M\u00e9xico"},"content":{"rendered":"<p>B\u00e1rbara se convirti\u00f3 el lunes (09.06.2025) en el primer hurac\u00e1n de la temporada en el Pac\u00edfico de\u00a0<a class=\"internal-link\" href=\"https:\/\/www.dw.com\/es\/m%C3%A9xico\/t-17409380\" target=\"_blank\" rel=\"noopener\">M\u00e9xico<\/a>, seg\u00fan inform\u00f3 Centro Nacional de\u00a0<a class=\"internal-link\" href=\"https:\/\/www.dw.com\/es\/huracanes\/t-40388065\" target=\"_blank\" rel=\"noopener\">Huracanes<\/a>\u00a0de Estados Unidos (NHC).<\/p>\n<p>El NHC inform\u00f3 que a las 15h00 GMT B\u00e1rbara se encontraba a 245 kil\u00f3metros del puerto mexicano de Manzanillo, con vientos sostenidos de 120 kil\u00f3metros por hora.<\/p>\n<p>\u00abB\u00e1rbara se ha convertido en el primer hurac\u00e1n de la temporada\u00bb del Pac\u00edfico oriental, se\u00f1al\u00f3 el reporte.<\/p>\n<p>El NHC tambi\u00e9n inform\u00f3 que la tormenta tropical Cosme avanza a unos 1.000 kil\u00f3metros de la pen\u00ednsula de Baja California con vientos sostenidos de 100 kil\u00f3metros por hora y con probabilidades de convertirse en hurac\u00e1n este lunes.<\/p>\n<p>Se espera que ambos meteoros se mantengan lejos de la costa de M\u00e9xico en su trayectoria por el Pac\u00edfico para empezar a perder fuerza a partir del martes.<\/p>\n<p>El Servicio Meteorol\u00f3gico de M\u00e9xico alert\u00f3 de su lado que las bandas nubosas de B\u00e1rbara provocan fuertes lluvias en las zonas costeras de los estados de Jalisco, Colima y Michoac\u00e1n (oeste).<\/p>\n<p>Por su ubicaci\u00f3n geogr\u00e1fica, M\u00e9xico sufre todos los a\u00f1os el embate de ciclones, tanto en la costa del Pac\u00edfico como en la del Atl\u00e1ntico, normalmente entre mayo y noviembre.<\/p>\n<p>En octubre de 2023, el puerto de Acapulco fue golpeado por el hurac\u00e1n Otis, que en cuesti\u00f3n de horas cobr\u00f3 fuerza de hurac\u00e1n 5, m\u00e1ximo de la escala Saffir-Simpson, dejando una ola de destrucci\u00f3n, medio centenar de muertos y unos 30 desaparecidos.<\/p>\n<p>En septiembre de 2024, la costa sur del Pac\u00edfico mexicano fue golpeada en dos ocasiones por John, que lleg\u00f3 a ser categor\u00eda 3, dejando al menos 15 muertos, la mayor\u00eda en Acapulco.<\/p>\n<p>Para los cient\u00edficos, el cambio clim\u00e1tico que recalienta las aguas del oc\u00e9ano hace que estas tormentas tropicales sean m\u00e1s impredecibles y m\u00e1s intensas.<\/p>\n<p>gs (afp, ap)<\/p>\n","protected":false},"excerpt":{"rendered":"<p>B\u00e1rbara se convirti\u00f3 el lunes (09.06.2025) en el primer hurac\u00e1n de la temporada en el Pac\u00edfico de\u00a0M\u00e9xico, seg\u00fan inform\u00f3 Centro Nacional de\u00a0Huracanes\u00a0de Estados Unidos (NHC). El NHC inform\u00f3 que a las 15h00 GMT B\u00e1rbara se encontraba a 245 kil\u00f3metros del puerto mexicano de Manzanillo, con vientos sostenidos de 120 kil\u00f3metros por hora. \u00abB\u00e1rbara se ha [&hellip;]<\/p>\n","protected":false},"author":1,"featured_media":12847,"comment_status":"open","ping_status":"open","sticky":false,"template":"","format":"standard","meta":{"footnotes":""},"categories":[8],"tags":[],"_links":{"self":[{"href":"https:\/\/infozamoraec.com\/index.php\/wp-json\/wp\/v2\/posts\/12846"}],"collection":[{"href":"https:\/\/infozamoraec.com\/index.php\/wp-json\/wp\/v2\/posts"}],"about":[{"href":"https:\/\/infozamoraec.com\/index.php\/wp-json\/wp\/v2\/types\/post"}],"author":[{"embeddable":true,"href":"https:\/\/infozamoraec.com\/index.php\/wp-json\/wp\/v2\/users\/1"}],"replies":[{"embeddable":true,"href":"https:\/\/infozamoraec.com\/index.php\/wp-json\/wp\/v2\/comments?post=12846"}],"version-history":[{"count":1,"href":"https:\/\/infozamoraec.com\/index.php\/wp-json\/wp\/v2\/posts\/12846\/revisions"}],"predecessor-version":[{"id":12848,"href":"https:\/\/infozamoraec.com\/index.php\/wp-json\/wp\/v2\/posts\/12846\/revisions\/12848"}],"wp:featuredmedia":[{"embeddable":true,"href":"https:\/\/infozamoraec.com\/index.php\/wp-json\/wp\/v2\/media\/12847"}],"wp:attachment":[{"href":"https:\/\/infozamoraec.com\/index.php\/wp-json\/wp\/v2\/media?parent=12846"}],"wp:term":[{"taxonomy":"category","embeddable":true,"href":"https:\/\/infozamoraec.com\/index.php\/wp-json\/wp\/v2\/categories?post=12846"},{"taxonomy":"post_tag","embeddable":true,"href":"https:\/\/infozamoraec.com\/index.php\/wp-json\/wp\/v2\/tags?post=12846"}],"curies":[{"name":"wp","href":"https:\/\/api.w.org\/{rel}","templated":true}]}}