{"id":12843,"date":"2025-06-10T01:10:55","date_gmt":"2025-06-10T01:10:55","guid":{"rendered":"https:\/\/infozamoraec.com\/?p=12843"},"modified":"2025-06-10T01:10:55","modified_gmt":"2025-06-10T01:10:55","slug":"colombia-busca-a-autores-intelectuales-de-ataque-a-uribe","status":"publish","type":"post","link":"https:\/\/infozamoraec.com\/index.php\/2025\/06\/10\/colombia-busca-a-autores-intelectuales-de-ataque-a-uribe\/","title":{"rendered":"Colombia busca a autores intelectuales de ataque a Uribe"},"content":{"rendered":"<p><a class=\"internal-link\" href=\"https:\/\/www.dw.com\/es\/colombia\/t-17411736\" target=\"_blank\" rel=\"noopener\">Colombia<\/a>\u00a0busca este domingo (08.06.2025) con m\u00e1s de 100 investigadores de la polic\u00eda a los autores intelectuales de un atentado a tiros contra el aspirante a la presidencia Miguel Uribe, sometido a una cirug\u00eda tras ser gravemente herido.<\/p>\n<p>En medio de un acto p\u00fablico en un barrio popular de Bogot\u00e1 el s\u00e1bado, el senador de 39 a\u00f1os recibi\u00f3 tres impactos de bala, de acuerdo con los param\u00e9dicos que lo atendieron.<\/p>\n<p>Lleg\u00f3 a una cl\u00ednica moribundo y en la madrugada de este domingo sali\u00f3 del quir\u00f3fano. El alcalde de la capital, Carlos Fernando Gal\u00e1n, asegur\u00f3 que atraviesa \u00abhoras cr\u00edticas\u00bb de recuperaci\u00f3n para garantizar su supervivencia.<\/p>\n<p>El centro m\u00e9dico que lo atiende sostuvo en un comunicado que Uribe \u00abest\u00e1 en cuidados intensivos para garantizar su estabilizaci\u00f3n postoperatoria\u00bb, y que su \u00abestado reviste la m\u00e1xima gravedad y el pron\u00f3stico es reservado\u00bb.<\/p>\n<p><strong>Atacante\u00a0fue \u00abinstrumentalizado\u00bb por \u00abcriminales\u00bb<\/strong><\/p>\n<p>Un adolescente de 15 a\u00f1os fue capturado como sospechoso, pero se ignora qui\u00e9nes fueron los autores intelectuales del ataque. No se conoc\u00edan p\u00fablicamente amenazas contra Uribe, un fuerte cr\u00edtico de la izquierda y las guerrillas y narcotraficantes que operan en el pa\u00eds.<\/p>\n<p>El ministro de Defensa, Pedro S\u00e1nchez, sostuvo este domingo que el menor fue \u00abinstrumentalizado\u00bb por \u00abcriminales\u00bb para llevar a cabo el ataque. El presidente colombiano\u00a0<a class=\"internal-link\" href=\"https:\/\/www.dw.com\/es\/gustavo-petro\/t-42895097\" target=\"_blank\" rel=\"noopener\">Gustavo Petro<\/a>\u00a0pidi\u00f3 el s\u00e1bado una investigaci\u00f3n exhaustiva que empiece por los escoltas de Uribe, pues \u00abtodas las hip\u00f3tesis est\u00e1n abiertas\u00bb.<\/p>\n<p>En octubre pasado, Uribe anunci\u00f3 que aspiraba a ser elegido presidente en 2026 para suceder a Petro, de quien es uno de los mayores opositores. La campa\u00f1a presidencial a\u00fan no empieza, pero varios pol\u00edticos ya comenzaron sus m\u00edtines.<\/p>\n<p>El aspirante pertenece al Centro Democr\u00e1tico, el principal movimiento de derecha del pa\u00eds, que no ha definido su candidato.<\/p>\n<p>rr afp\/efe\/el tiempo<\/p>\n","protected":false},"excerpt":{"rendered":"<p>Colombia\u00a0busca este domingo (08.06.2025) con m\u00e1s de 100 investigadores de la polic\u00eda a los autores intelectuales de un atentado a tiros contra el aspirante a la presidencia Miguel Uribe, sometido a una cirug\u00eda tras ser gravemente herido. En medio de un acto p\u00fablico en un barrio popular de Bogot\u00e1 el s\u00e1bado, el senador de 39 [&hellip;]<\/p>\n","protected":false},"author":1,"featured_media":12844,"comment_status":"open","ping_status":"open","sticky":false,"template":"","format":"standard","meta":{"footnotes":""},"categories":[8],"tags":[],"_links":{"self":[{"href":"https:\/\/infozamoraec.com\/index.php\/wp-json\/wp\/v2\/posts\/12843"}],"collection":[{"href":"https:\/\/infozamoraec.com\/index.php\/wp-json\/wp\/v2\/posts"}],"about":[{"href":"https:\/\/infozamoraec.com\/index.php\/wp-json\/wp\/v2\/types\/post"}],"author":[{"embeddable":true,"href":"https:\/\/infozamoraec.com\/index.php\/wp-json\/wp\/v2\/users\/1"}],"replies":[{"embeddable":true,"href":"https:\/\/infozamoraec.com\/index.php\/wp-json\/wp\/v2\/comments?post=12843"}],"version-history":[{"count":1,"href":"https:\/\/infozamoraec.com\/index.php\/wp-json\/wp\/v2\/posts\/12843\/revisions"}],"predecessor-version":[{"id":12845,"href":"https:\/\/infozamoraec.com\/index.php\/wp-json\/wp\/v2\/posts\/12843\/revisions\/12845"}],"wp:featuredmedia":[{"embeddable":true,"href":"https:\/\/infozamoraec.com\/index.php\/wp-json\/wp\/v2\/media\/12844"}],"wp:attachment":[{"href":"https:\/\/infozamoraec.com\/index.php\/wp-json\/wp\/v2\/media?parent=12843"}],"wp:term":[{"taxonomy":"category","embeddable":true,"href":"https:\/\/infozamoraec.com\/index.php\/wp-json\/wp\/v2\/categories?post=12843"},{"taxonomy":"post_tag","embeddable":true,"href":"https:\/\/infozamoraec.com\/index.php\/wp-json\/wp\/v2\/tags?post=12843"}],"curies":[{"name":"wp","href":"https:\/\/api.w.org\/{rel}","templated":true}]}}