{"id":12819,"date":"2025-06-10T00:27:57","date_gmt":"2025-06-10T00:27:57","guid":{"rendered":"https:\/\/infozamoraec.com\/?p=12819"},"modified":"2025-06-10T00:27:57","modified_gmt":"2025-06-10T00:27:57","slug":"uem-arutam-celebro-su-decimo-aniversario","status":"publish","type":"post","link":"https:\/\/infozamoraec.com\/index.php\/2025\/06\/10\/uem-arutam-celebro-su-decimo-aniversario\/","title":{"rendered":"UEM ARUTAM celebr\u00f3 su d\u00e9cimo aniversario"},"content":{"rendered":"<p data-start=\"88\" data-end=\"346\"><br data-start=\"138\" data-end=\"141\" \/>La Unidad Educativa del Milenio (UEM) ARUTAM celebr\u00f3 este viernes su d\u00e9cimo aniversario de vida institucional con una Sesi\u00f3n Solemne cargada de emotividad, cultura y compromiso con la excelencia educativa.<\/p>\n<p data-start=\"348\" data-end=\"839\">El acto conmemorativo cont\u00f3 con la participaci\u00f3n de autoridades locales, estudiantes, docentes y padres de familia. En representaci\u00f3n del alcalde Jairo Herrera, asisti\u00f3 la concejala Claudia Chiriapo, quien destac\u00f3 la trayectoria de la instituci\u00f3n como un referente en la formaci\u00f3n acad\u00e9mica del cant\u00f3n El Pangui. \u201cInvertir en educaci\u00f3n es sembrar futuro. La UEM ARUTAM ha demostrado que con visi\u00f3n y esfuerzo colectivo es posible transformar vidas y generar oportunidades reales\u201d, manifest\u00f3.<\/p>\n<p data-start=\"841\" data-end=\"1081\">Durante la jornada, se entregaron reconocimientos a la labor docente y al esfuerzo estudiantil. Las presentaciones culturales, a cargo de los propios alumnos, reflejaron el fortalecimiento de la identidad local y la integraci\u00f3n comunitaria.<\/p>\n<p data-start=\"1083\" data-end=\"1388\" data-is-last-node=\"\" data-is-only-node=\"\">Desde su creaci\u00f3n, la UEM ARUTAM se ha consolidado como una instituci\u00f3n educativa emblem\u00e1tica en la provincia, promoviendo valores, inclusi\u00f3n y calidad en el proceso formativo. Su d\u00e9cimo aniversario representa un hito en la consolidaci\u00f3n del sistema educativo rural con est\u00e1ndares de equidad y excelencia.<\/p>\n","protected":false},"excerpt":{"rendered":"<p>La Unidad Educativa del Milenio (UEM) ARUTAM celebr\u00f3 este viernes su d\u00e9cimo aniversario de vida institucional con una Sesi\u00f3n Solemne cargada de emotividad, cultura y compromiso con la excelencia educativa. El acto conmemorativo cont\u00f3 con la participaci\u00f3n de autoridades locales, estudiantes, docentes y padres de familia. En representaci\u00f3n del alcalde Jairo Herrera, asisti\u00f3 la concejala [&hellip;]<\/p>\n","protected":false},"author":1,"featured_media":12820,"comment_status":"open","ping_status":"open","sticky":false,"template":"","format":"standard","meta":{"footnotes":""},"categories":[9],"tags":[],"_links":{"self":[{"href":"https:\/\/infozamoraec.com\/index.php\/wp-json\/wp\/v2\/posts\/12819"}],"collection":[{"href":"https:\/\/infozamoraec.com\/index.php\/wp-json\/wp\/v2\/posts"}],"about":[{"href":"https:\/\/infozamoraec.com\/index.php\/wp-json\/wp\/v2\/types\/post"}],"author":[{"embeddable":true,"href":"https:\/\/infozamoraec.com\/index.php\/wp-json\/wp\/v2\/users\/1"}],"replies":[{"embeddable":true,"href":"https:\/\/infozamoraec.com\/index.php\/wp-json\/wp\/v2\/comments?post=12819"}],"version-history":[{"count":2,"href":"https:\/\/infozamoraec.com\/index.php\/wp-json\/wp\/v2\/posts\/12819\/revisions"}],"predecessor-version":[{"id":12822,"href":"https:\/\/infozamoraec.com\/index.php\/wp-json\/wp\/v2\/posts\/12819\/revisions\/12822"}],"wp:featuredmedia":[{"embeddable":true,"href":"https:\/\/infozamoraec.com\/index.php\/wp-json\/wp\/v2\/media\/12820"}],"wp:attachment":[{"href":"https:\/\/infozamoraec.com\/index.php\/wp-json\/wp\/v2\/media?parent=12819"}],"wp:term":[{"taxonomy":"category","embeddable":true,"href":"https:\/\/infozamoraec.com\/index.php\/wp-json\/wp\/v2\/categories?post=12819"},{"taxonomy":"post_tag","embeddable":true,"href":"https:\/\/infozamoraec.com\/index.php\/wp-json\/wp\/v2\/tags?post=12819"}],"curies":[{"name":"wp","href":"https:\/\/api.w.org\/{rel}","templated":true}]}}