{"id":12807,"date":"2025-06-07T01:53:19","date_gmt":"2025-06-07T01:53:19","guid":{"rendered":"https:\/\/infozamoraec.com\/?p=12807"},"modified":"2025-06-07T01:53:19","modified_gmt":"2025-06-07T01:53:19","slug":"diez-candidatos-disputaran-presidencia-de-bolivia-en-agosto","status":"publish","type":"post","link":"https:\/\/infozamoraec.com\/index.php\/2025\/06\/07\/diez-candidatos-disputaran-presidencia-de-bolivia-en-agosto\/","title":{"rendered":"Diez candidatos disputar\u00e1n presidencia de Bolivia en agosto"},"content":{"rendered":"<p>&nbsp;<\/p>\n<p>Diez candidatos disputar\u00e1n la presidencia de\u00a0<a class=\"internal-link\" href=\"https:\/\/www.dw.com\/es\/bolivia\/t-17411684\" target=\"_blank\" rel=\"noopener\">Bolivia<\/a>\u00a0en las elecciones generales del pr\u00f3ximo 17 de agosto, anunci\u00f3 el Tribunal Supremo Electoral (TSE) este viernes (06.06.2025), una lista en la que est\u00e1 ausente el expresidente\u00a0<a class=\"internal-link\" href=\"https:\/\/www.dw.com\/es\/evo-morales\/t-17409405\" target=\"_blank\" rel=\"noopener\">Evo Morales<\/a>.<\/p>\n<p>Morales, de 65 a\u00f1os, no pudo registrar su candidatura con el partido Pan-bol, porque el TSE anul\u00f3 con anterioridad la personer\u00eda jur\u00eddica de esta agrupaci\u00f3n por incumplir la ley.<\/p>\n<p>El exmandatario persist\u00eda en su candidatura, al desconocer un fallo de la justicia que impide m\u00e1s de una reelecci\u00f3n presidencial. Morales gobern\u00f3 tres veces entre 2006 ya 2019.<\/p>\n<p>En la lista de candidatos, figura el presidente del Senado, Andr\u00f3nico Rodr\u00edguez, quien rompi\u00f3 v\u00ednculos tanto con Morales, su mentor pol\u00edtico, como con el actual mandatario\u00a0<a class=\"internal-link\" href=\"https:\/\/www.dw.com\/es\/arce-luis\/t-69497754\" target=\"_blank\" rel=\"noopener\">Luis Arce<\/a>, enfrentado a Morales, de quien fue ministro de Econom\u00eda.<\/p>\n<p>Rodr\u00edguez es el principal aspirante presidencial de un bloque de candidatos de izquierda que completan el exministro de Gobierno, Eduardo del Castillo, (del Movimiento al Socialismo), y la alcaldesa de la ciudad de El Alto, Eva Copa, (del partido Morena).<\/p>\n<p>Del Castillo reemplaza como candidato a Arce, que declin\u00f3 ir por la reelecci\u00f3n, atosigado por protestas sociales a causa de una aguda crisis econ\u00f3mica.<\/p>\n<p>El bloque de la oposici\u00f3n de derecha est\u00e1 encabezado por el empresario Samuel Doria Medina (Unidad), el expresidente Jorge Quiroga (Libre) y el alcalde de la ciudad de Cochabamba, Manfred Reyes Villa (Autonom\u00eda Para Bolivia).<\/p>\n<p>Una encuesta de principios de mes de la empresa Ipsos Ciesmori, difundida por el canal privado Unitel, estableci\u00f3 que Doria Medina est\u00e1 primero con 19,1% de la intenci\u00f3n de voto, seguido por Quiroga (18,4%), Rodr\u00edguez (14,2%) y Reyes Villa (7,9%).<\/p>\n<p>rr afp\/el deber<\/p>\n","protected":false},"excerpt":{"rendered":"<p>&nbsp; Diez candidatos disputar\u00e1n la presidencia de\u00a0Bolivia\u00a0en las elecciones generales del pr\u00f3ximo 17 de agosto, anunci\u00f3 el Tribunal Supremo Electoral (TSE) este viernes (06.06.2025), una lista en la que est\u00e1 ausente el expresidente\u00a0Evo Morales. Morales, de 65 a\u00f1os, no pudo registrar su candidatura con el partido Pan-bol, porque el TSE anul\u00f3 con anterioridad la personer\u00eda [&hellip;]<\/p>\n","protected":false},"author":1,"featured_media":12808,"comment_status":"open","ping_status":"open","sticky":false,"template":"","format":"standard","meta":{"footnotes":""},"categories":[8],"tags":[],"_links":{"self":[{"href":"https:\/\/infozamoraec.com\/index.php\/wp-json\/wp\/v2\/posts\/12807"}],"collection":[{"href":"https:\/\/infozamoraec.com\/index.php\/wp-json\/wp\/v2\/posts"}],"about":[{"href":"https:\/\/infozamoraec.com\/index.php\/wp-json\/wp\/v2\/types\/post"}],"author":[{"embeddable":true,"href":"https:\/\/infozamoraec.com\/index.php\/wp-json\/wp\/v2\/users\/1"}],"replies":[{"embeddable":true,"href":"https:\/\/infozamoraec.com\/index.php\/wp-json\/wp\/v2\/comments?post=12807"}],"version-history":[{"count":1,"href":"https:\/\/infozamoraec.com\/index.php\/wp-json\/wp\/v2\/posts\/12807\/revisions"}],"predecessor-version":[{"id":12809,"href":"https:\/\/infozamoraec.com\/index.php\/wp-json\/wp\/v2\/posts\/12807\/revisions\/12809"}],"wp:featuredmedia":[{"embeddable":true,"href":"https:\/\/infozamoraec.com\/index.php\/wp-json\/wp\/v2\/media\/12808"}],"wp:attachment":[{"href":"https:\/\/infozamoraec.com\/index.php\/wp-json\/wp\/v2\/media?parent=12807"}],"wp:term":[{"taxonomy":"category","embeddable":true,"href":"https:\/\/infozamoraec.com\/index.php\/wp-json\/wp\/v2\/categories?post=12807"},{"taxonomy":"post_tag","embeddable":true,"href":"https:\/\/infozamoraec.com\/index.php\/wp-json\/wp\/v2\/tags?post=12807"}],"curies":[{"name":"wp","href":"https:\/\/api.w.org\/{rel}","templated":true}]}}