{"id":12803,"date":"2025-06-07T01:51:10","date_gmt":"2025-06-07T01:51:10","guid":{"rendered":"https:\/\/infozamoraec.com\/?p=12803"},"modified":"2025-06-07T01:51:34","modified_gmt":"2025-06-07T01:51:34","slug":"cidh-insta-a-el-salvador-a-abolir-ley-de-agentes-extranjeros","status":"publish","type":"post","link":"https:\/\/infozamoraec.com\/index.php\/2025\/06\/07\/cidh-insta-a-el-salvador-a-abolir-ley-de-agentes-extranjeros\/","title":{"rendered":"CIDH insta a El Salvador a abolir Ley de Agentes Extranjeros"},"content":{"rendered":"<p>La Comisi\u00f3n Interamericana de Derechos Humanos (CIDH) inst\u00f3 este viernes (06.06.2027) al Estado de\u00a0<a class=\"internal-link\" href=\"https:\/\/www.dw.com\/es\/el-salvador\/t-17411929\" target=\"_blank\" rel=\"noopener\">El Salvador<\/a>\u00a0a derogar la reciente Ley de Agentes Extranjeros, porque puede afectar la \u00absostenibilidad financiera de las organizaciones y medios de comunicaci\u00f3n\u00bb que \u00abact\u00faan en defensa de derechos humanos\u00bb.<\/p>\n<p>A iniciativa del presidente\u00a0<a class=\"internal-link\" href=\"https:\/\/www.dw.com\/es\/bukele-nayib\/t-47302581\" target=\"_blank\" rel=\"noopener\">Nayib Bukele<\/a>, el Congreso aprob\u00f3 el pasado 20 de mayo la ley en menci\u00f3n, que grava con un impuesto del 30 % las donaciones internacionales, sean para personas naturales o jur\u00eddicas.<\/p>\n<p>\u00abLa CIDH expresa su preocupaci\u00f3n por la tributaci\u00f3n establecida, que puede inviabilizar la sostenibilidad financiera de las organizaciones y medios de comunicaci\u00f3n alternativos o comunitarios que act\u00faan en defensa de derechos humanos y que dependen de los fondos de la cooperaci\u00f3n internacional\u00bb, indic\u00f3 el organismo en un comunicado.<\/p>\n<p>La comisi\u00f3n tambi\u00e9n advirti\u00f3 que dicha ley posee una \u00abdiscrecionalidad\u00bb y \u00abambig\u00fcedad\u00bb sobre \u00ablas actividades que son prohibidas de ser financiadas con recursos extranjeros\u00bb.<\/p>\n<p>\u00abEn 2021, la CIDH y su RELE (Relator\u00eda Especial de Libertad de Expresi\u00f3n) llamaron al Estado de El Salvador a no aprobar una normativa con tales caracter\u00edsticas, por lo que instaron a su derogaci\u00f3n\u00bb, subray\u00f3 el comunicado.<\/p>\n<h2>Preocupados por \u00abdetenciones recientes\u00bb<\/h2>\n<p>El organismo, que forma parte de la Organizaci\u00f3n de los Estados Americanos (OEA), tambi\u00e9n manifest\u00f3 su preocupaci\u00f3n por las \u00abdetenciones recientes contra personas defensoras de derechos humanos\u00bb.<\/p>\n<p>La CIDH hizo referencia a las detenciones de la abogada anticorrupci\u00f3n\u00a0<a class=\"internal-link\" href=\"https:\/\/www.dw.com\/es\/el-salvador-acusa-penalmente-a-la-abogada-detenida-ruth-l%C3%B3pez\/a-72768848\" target=\"_blank\" rel=\"noopener\">Ruth L\u00f3pez<\/a>, del abogado ambientalista Alejandro Henr\u00edquez, del pastor evang\u00e9lico y l\u00edder comunitario Jos\u00e9 \u00c1ngel P\u00e9rez, y de Fidel Zavala, portavoz de una organizaci\u00f3n humanitaria.<\/p>\n<p>Adem\u00e1s, la comisi\u00f3n denunci\u00f3 la existencia de \u00ab\u00f3rdenes de arresto contra Ivania Cruz y Rudy Joya, todos defensores de la Unidad de Defensa de Derechos Humanos y Comunitarios\u00bb, junto a Zavala.<\/p>\n<p>\u00abOrganizaciones de la sociedad civil cuestionan que las causas penales ser\u00edan una forma de represalia por su labor con personas detenidas durante el r\u00e9gimen de excepci\u00f3n y por denuncias de abusos en las c\u00e1rceles\u00bb, expuso la CIDH.<\/p>\n<p>El comunicado tambi\u00e9n apunt\u00f3 que \u00abfrente a las alegaciones sobre el uso indebido del derecho penal con el posible fin de intimidar, castigar o impedir las actividades de defensa de derechos humanos, la CIDH llama al Estado a abstenerse de incurrir en esta pr\u00e1ctica\u00bb.<\/p>\n<p>mg (efe, La Prensa Gr\u00e1fica)<\/p>\n","protected":false},"excerpt":{"rendered":"<p>La Comisi\u00f3n Interamericana de Derechos Humanos (CIDH) inst\u00f3 este viernes (06.06.2027) al Estado de\u00a0El Salvador\u00a0a derogar la reciente Ley de Agentes Extranjeros, porque puede afectar la \u00absostenibilidad financiera de las organizaciones y medios de comunicaci\u00f3n\u00bb que \u00abact\u00faan en defensa de derechos humanos\u00bb. A iniciativa del presidente\u00a0Nayib Bukele, el Congreso aprob\u00f3 el pasado 20 de mayo [&hellip;]<\/p>\n","protected":false},"author":1,"featured_media":12804,"comment_status":"open","ping_status":"open","sticky":false,"template":"","format":"standard","meta":{"footnotes":""},"categories":[8],"tags":[],"_links":{"self":[{"href":"https:\/\/infozamoraec.com\/index.php\/wp-json\/wp\/v2\/posts\/12803"}],"collection":[{"href":"https:\/\/infozamoraec.com\/index.php\/wp-json\/wp\/v2\/posts"}],"about":[{"href":"https:\/\/infozamoraec.com\/index.php\/wp-json\/wp\/v2\/types\/post"}],"author":[{"embeddable":true,"href":"https:\/\/infozamoraec.com\/index.php\/wp-json\/wp\/v2\/users\/1"}],"replies":[{"embeddable":true,"href":"https:\/\/infozamoraec.com\/index.php\/wp-json\/wp\/v2\/comments?post=12803"}],"version-history":[{"count":2,"href":"https:\/\/infozamoraec.com\/index.php\/wp-json\/wp\/v2\/posts\/12803\/revisions"}],"predecessor-version":[{"id":12806,"href":"https:\/\/infozamoraec.com\/index.php\/wp-json\/wp\/v2\/posts\/12803\/revisions\/12806"}],"wp:featuredmedia":[{"embeddable":true,"href":"https:\/\/infozamoraec.com\/index.php\/wp-json\/wp\/v2\/media\/12804"}],"wp:attachment":[{"href":"https:\/\/infozamoraec.com\/index.php\/wp-json\/wp\/v2\/media?parent=12803"}],"wp:term":[{"taxonomy":"category","embeddable":true,"href":"https:\/\/infozamoraec.com\/index.php\/wp-json\/wp\/v2\/categories?post=12803"},{"taxonomy":"post_tag","embeddable":true,"href":"https:\/\/infozamoraec.com\/index.php\/wp-json\/wp\/v2\/tags?post=12803"}],"curies":[{"name":"wp","href":"https:\/\/api.w.org\/{rel}","templated":true}]}}