{"id":12790,"date":"2025-06-07T01:42:21","date_gmt":"2025-06-07T01:42:21","guid":{"rendered":"https:\/\/infozamoraec.com\/?p=12790"},"modified":"2025-06-07T01:42:21","modified_gmt":"2025-06-07T01:42:21","slug":"ministro-de-salud-inspecciona-servicios-clave-del-hospital-basico-de-yantzaza","status":"publish","type":"post","link":"https:\/\/infozamoraec.com\/index.php\/2025\/06\/07\/ministro-de-salud-inspecciona-servicios-clave-del-hospital-basico-de-yantzaza\/","title":{"rendered":"Ministro de Salud inspecciona servicios clave del Hospital B\u00e1sico de Yantzaza"},"content":{"rendered":"<p data-start=\"83\" data-end=\"397\">El ministro de Salud P\u00fablica, Juan Bernardo S\u00e1nchez,\u00a0 este\u00a0 viernes 06 de\u00a0 junio, cumpli\u00f3 una agenda t\u00e9cnica en el Hospital B\u00e1sico de Yantzaza, donde recorri\u00f3 diversas unidades m\u00e9dicas y administrativas con el prop\u00f3sito de verificar su operatividad y condiciones de atenci\u00f3n a la ciudadan\u00eda.<\/p>\n<p data-start=\"399\" data-end=\"691\">Durante la inspecci\u00f3n, el ministro visit\u00f3 el \u00e1rea de consulta externa, donde se atienden m\u00faltiples especialidades m\u00e9dicas; el servicio de emergencias, que opera 24\/7 para responder a casos cr\u00edticos; y la sala de monitoreo fetal, espacio dedicado al seguimiento cl\u00ednico de embarazos de riesgo.<\/p>\n<p data-start=\"693\" data-end=\"959\">En el centro quir\u00fargico, constat\u00f3 el estado del equipamiento y el cumplimiento de protocolos de seguridad para intervenciones m\u00e9dicas. Asimismo, recorri\u00f3 la zona de hospitalizaci\u00f3n, donde se encuentran los pacientes en recuperaci\u00f3n bajo cuidados m\u00e9dicos permanentes.<\/p>\n<p data-start=\"961\" data-end=\"1231\">\u00a0Tambi\u00e9n inspeccion\u00f3 la bodega de medicamentos y la farmacia institucional, encargadas del almacenamiento y entrega de tratamientos.<\/p>\n<p data-start=\"1233\" data-end=\"1373\">Finalmente, en la bodega general de insumos, se verific\u00f3 el stock y las condiciones de conservaci\u00f3n de los materiales m\u00e9dicos de uso diario.<\/p>\n<p data-start=\"1375\" data-end=\"1570\" data-is-last-node=\"\" data-is-only-node=\"\">El Ministro dijo que la vista se realiz\u00f3 con el objetivo de verificar el funcionamiento de los servicios de salud en territorio. \u201cEstamos haciendo seguimiento de las actividades desarrolladas en semanas anteriores, para\u00a0 atender\u00a0 los casos de\u00a0 dengue y fiebre amarilla&#8230; que se\u00a0 registraron en la\u00a0 zona\u201d, declar\u00f3 durante su recorrido.<\/p>\n<p data-start=\"3327\" data-end=\"3503\">Sin embargo, su presencia gener\u00f3 <strong data-start=\"3360\" data-end=\"3399\">cr\u00edticas por parte de la ciudadan\u00eda<\/strong>, debido a la <strong data-start=\"3413\" data-end=\"3452\">falta de coordinaci\u00f3n institucional<\/strong> y las <strong data-start=\"3459\" data-end=\"3502\">deficiencias en el sistema hospitalario<\/strong>.<\/p>\n<p data-start=\"3505\" data-end=\"3808\">Usuarios denunciaron que, pese a las declaraciones del Ministro sobre el abastecimiento de los centros m\u00e9dicos, en la pr\u00e1ctica <strong data-start=\"3632\" data-end=\"3675\">se les solicita comprar insumos b\u00e1sicos<\/strong>, como jeringas y medicamentos. Adem\u00e1s, se report\u00f3 la <strong data-start=\"3729\" data-end=\"3772\">falta de condiciones m\u00ednimas de higiene<\/strong>, como papel higi\u00e9nico en los ba\u00f1os, entre otros.<\/p>\n","protected":false},"excerpt":{"rendered":"<p>El ministro de Salud P\u00fablica, Juan Bernardo S\u00e1nchez,\u00a0 este\u00a0 viernes 06 de\u00a0 junio, cumpli\u00f3 una agenda t\u00e9cnica en el Hospital B\u00e1sico de Yantzaza, donde recorri\u00f3 diversas unidades m\u00e9dicas y administrativas con el prop\u00f3sito de verificar su operatividad y condiciones de atenci\u00f3n a la ciudadan\u00eda. Durante la inspecci\u00f3n, el ministro visit\u00f3 el \u00e1rea de consulta externa, [&hellip;]<\/p>\n","protected":false},"author":1,"featured_media":12791,"comment_status":"open","ping_status":"open","sticky":false,"template":"","format":"standard","meta":{"footnotes":""},"categories":[9],"tags":[],"_links":{"self":[{"href":"https:\/\/infozamoraec.com\/index.php\/wp-json\/wp\/v2\/posts\/12790"}],"collection":[{"href":"https:\/\/infozamoraec.com\/index.php\/wp-json\/wp\/v2\/posts"}],"about":[{"href":"https:\/\/infozamoraec.com\/index.php\/wp-json\/wp\/v2\/types\/post"}],"author":[{"embeddable":true,"href":"https:\/\/infozamoraec.com\/index.php\/wp-json\/wp\/v2\/users\/1"}],"replies":[{"embeddable":true,"href":"https:\/\/infozamoraec.com\/index.php\/wp-json\/wp\/v2\/comments?post=12790"}],"version-history":[{"count":2,"href":"https:\/\/infozamoraec.com\/index.php\/wp-json\/wp\/v2\/posts\/12790\/revisions"}],"predecessor-version":[{"id":12793,"href":"https:\/\/infozamoraec.com\/index.php\/wp-json\/wp\/v2\/posts\/12790\/revisions\/12793"}],"wp:featuredmedia":[{"embeddable":true,"href":"https:\/\/infozamoraec.com\/index.php\/wp-json\/wp\/v2\/media\/12791"}],"wp:attachment":[{"href":"https:\/\/infozamoraec.com\/index.php\/wp-json\/wp\/v2\/media?parent=12790"}],"wp:term":[{"taxonomy":"category","embeddable":true,"href":"https:\/\/infozamoraec.com\/index.php\/wp-json\/wp\/v2\/categories?post=12790"},{"taxonomy":"post_tag","embeddable":true,"href":"https:\/\/infozamoraec.com\/index.php\/wp-json\/wp\/v2\/tags?post=12790"}],"curies":[{"name":"wp","href":"https:\/\/api.w.org\/{rel}","templated":true}]}}