{"id":12782,"date":"2025-06-07T01:14:19","date_gmt":"2025-06-07T01:14:19","guid":{"rendered":"https:\/\/infozamoraec.com\/?p=12782"},"modified":"2025-06-07T02:00:29","modified_gmt":"2025-06-07T02:00:29","slug":"choque-entre-un-bus-y-un-automovil-deja-un-herido-en-la-via-a-paquisha-sector-la-florida","status":"publish","type":"post","link":"https:\/\/infozamoraec.com\/index.php\/2025\/06\/07\/choque-entre-un-bus-y-un-automovil-deja-un-herido-en-la-via-a-paquisha-sector-la-florida\/","title":{"rendered":"Choque entre un bus y un autom\u00f3vil deja un herido en la v\u00eda a Paquisha, sector La Florida"},"content":{"rendered":"<p data-start=\"83\" data-end=\"379\">La madrugada de este viernes, alrededor de las 01:30, se produjo un accidente de tr\u00e1nsito en el sector La Florida, en la v\u00eda que conecta con Paquisha. El hecho fue\u00a0 alertado a la Polic\u00eda Nacional mediante el sistema\u00a0 ECU 911.<\/p>\n<p data-start=\"381\" data-end=\"568\">Seg\u00fan el reporte policial, el siniestro correspondi\u00f3 a un choque lateral angular que involucr\u00f3 a dos veh\u00edculos, dejando como saldo una persona herida y da\u00f1os materiales en ambas unidades.<\/p>\n<p data-start=\"570\" data-end=\"597\"><strong data-start=\"570\" data-end=\"597\">Veh\u00edculos involucrados:<\/strong><\/p>\n<p data-start=\"599\" data-end=\"864\">El primer automotor corresponde a un <strong data-start=\"636\" data-end=\"673\">bus de transporte p\u00fablico\u00a0 de la cooperativa Nambija<\/strong>, marca Hino, color distintivo de mencionada empresa. La unidad era conducida por Diego Armando B. E.<\/p>\n<p data-start=\"866\" data-end=\"1196\">El segundo veh\u00edculo implicado es un autom\u00f3vil\u00a0 <strong data-start=\"902\" data-end=\"927\">sed\u00e1n de color blanco<\/strong>, marca Hyundai, de estructura compacta. El conductor fue identificado como Jos\u00e9 Antonio P. G.\u00a0 quien result\u00f3 con lesiones a consecuencia del impacto y fue trasladado para recibir atenci\u00f3n m\u00e9dica.<\/p>\n<p data-start=\"1198\" data-end=\"1222\"><strong data-start=\"1198\" data-end=\"1222\">Acciones realizadas:<\/strong><\/p>\n<p data-start=\"1224\" data-end=\"1554\">Las unidades policiales que acudieron al lugar procedieron a la verificaci\u00f3n del siniestro, constatando los da\u00f1os materiales de ambos veh\u00edculos. Los automotores fueron trasladados a los patios de retenci\u00f3n vehicular de la Jefatura Provincial de Tr\u00e1nsito de Zamora Chinchipe para continuar con las investigaciones para determinar las causas del incidente.<\/p>\n<p data-start=\"1556\" data-end=\"1820\" data-is-last-node=\"\" data-is-only-node=\"\">La Polic\u00eda Nacional del Ecuador reitera su llamado a los conductores a mantener la precauci\u00f3n, especialmente en horas de la madrugada, y recuerda que el respeto a las normas de tr\u00e1nsito es fundamental para prevenir accidentes y proteger vidas en las v\u00edas del pa\u00eds.<\/p>\n","protected":false},"excerpt":{"rendered":"<p>La madrugada de este viernes, alrededor de las 01:30, se produjo un accidente de tr\u00e1nsito en el sector La Florida, en la v\u00eda que conecta con Paquisha. El hecho fue\u00a0 alertado a la Polic\u00eda Nacional mediante el sistema\u00a0 ECU 911. Seg\u00fan el reporte policial, el siniestro correspondi\u00f3 a un choque lateral angular que involucr\u00f3 a [&hellip;]<\/p>\n","protected":false},"author":1,"featured_media":12783,"comment_status":"open","ping_status":"open","sticky":false,"template":"","format":"standard","meta":{"footnotes":""},"categories":[9],"tags":[],"_links":{"self":[{"href":"https:\/\/infozamoraec.com\/index.php\/wp-json\/wp\/v2\/posts\/12782"}],"collection":[{"href":"https:\/\/infozamoraec.com\/index.php\/wp-json\/wp\/v2\/posts"}],"about":[{"href":"https:\/\/infozamoraec.com\/index.php\/wp-json\/wp\/v2\/types\/post"}],"author":[{"embeddable":true,"href":"https:\/\/infozamoraec.com\/index.php\/wp-json\/wp\/v2\/users\/1"}],"replies":[{"embeddable":true,"href":"https:\/\/infozamoraec.com\/index.php\/wp-json\/wp\/v2\/comments?post=12782"}],"version-history":[{"count":2,"href":"https:\/\/infozamoraec.com\/index.php\/wp-json\/wp\/v2\/posts\/12782\/revisions"}],"predecessor-version":[{"id":12785,"href":"https:\/\/infozamoraec.com\/index.php\/wp-json\/wp\/v2\/posts\/12782\/revisions\/12785"}],"wp:featuredmedia":[{"embeddable":true,"href":"https:\/\/infozamoraec.com\/index.php\/wp-json\/wp\/v2\/media\/12783"}],"wp:attachment":[{"href":"https:\/\/infozamoraec.com\/index.php\/wp-json\/wp\/v2\/media?parent=12782"}],"wp:term":[{"taxonomy":"category","embeddable":true,"href":"https:\/\/infozamoraec.com\/index.php\/wp-json\/wp\/v2\/categories?post=12782"},{"taxonomy":"post_tag","embeddable":true,"href":"https:\/\/infozamoraec.com\/index.php\/wp-json\/wp\/v2\/tags?post=12782"}],"curies":[{"name":"wp","href":"https:\/\/api.w.org\/{rel}","templated":true}]}}