{"id":12725,"date":"2025-06-04T22:05:13","date_gmt":"2025-06-04T22:05:13","guid":{"rendered":"https:\/\/infozamoraec.com\/?p=12725"},"modified":"2025-06-04T22:05:13","modified_gmt":"2025-06-04T22:05:13","slug":"fiscalia-formula-cargos-por-presunta-asociacion-ilicita-a-andres-arauz-esther-cuesta-y-raul-gonzalez-para-vincularlos-al-caso-liga2","status":"publish","type":"post","link":"https:\/\/infozamoraec.com\/index.php\/2025\/06\/04\/fiscalia-formula-cargos-por-presunta-asociacion-ilicita-a-andres-arauz-esther-cuesta-y-raul-gonzalez-para-vincularlos-al-caso-liga2\/","title":{"rendered":"Fiscal\u00eda formula cargos por presunta asociaci\u00f3n il\u00edcita a Andr\u00e9s Arauz, Esther Cuesta y Ra\u00fal Gonz\u00e1lez para vincularlos al caso Liga2"},"content":{"rendered":"<p>Como autores directos del delito de presunta asociaci\u00f3n il\u00edcita, la Fiscal\u00eda General del Estado formula cargos a Andr\u00e9s Arauz, Esther Cuesta, dirigentes del movimiento corre\u00edstta Revoluci\u00f3n Ciudadana (RC) y Ra\u00fal Gonz\u00e1lez Carri\u00f3n, que fue designado superintendente de Bancos en el 2022.<\/p>\n<p>La ma\u00f1ana de este 4 de junio de 2025, en la Corte Nacional de Justicia (CNJ), la jueza Daniella Camacho preside la audiencia de formulaci\u00f3n de cargos en la que el fiscal general, Wilson Toainga, pide que se vincule al caso Liga2 a Andr\u00e9s Arauz, secretario ejecutivo del movimiento corre\u00edsta Revoluci\u00f3n Ciudadana y Esther Cuesta, exasamble\u00edsta de la organizaci\u00f3n pol\u00edtica; adem\u00e1s, de Ra\u00fal Gonz\u00e1lez Carri\u00f3n, que fue designado superintendente de Bancos en el 2022, aunque se anul\u00f3 por una decisi\u00f3n judicial.<\/p>\n<p>En este caso, al que se bautiz\u00f3 como Liga2, son procesados tambi\u00e9n los exvocales del Consejo de Participaci\u00f3n Ciudadana y Control Social (CPCCS), Augusto Verduga, Yadira Saltos y Eduardo Franco; y Nicole Bonifaz, que est\u00e1 en funciones, al presumirse que incurrieron en el delito de asociaci\u00f3n il\u00edcita.<\/p>\n<p>El fiscal Toainga los acusa de ser autores directos del delito mencionado y que sean vinculados a este caso, porque en la investigaci\u00f3n se observ\u00f3 que convirtieron a la sede del Consejo de Participaci\u00f3n Ciudadana en un \u201cpartido pol\u00edtico\u201d para captar espacios de poder a trav\u00e9s de la atribuci\u00f3n de la designaci\u00f3n de autoridades.<\/p>\n<p>La audiencia contin\u00faa con la exposici\u00f3n del Fiscal de los elementos de convicci\u00f3n que demostrar\u00edan que incurrieron en esta infracci\u00f3n.<\/p>\n","protected":false},"excerpt":{"rendered":"<p>Como autores directos del delito de presunta asociaci\u00f3n il\u00edcita, la Fiscal\u00eda General del Estado formula cargos a Andr\u00e9s Arauz, Esther Cuesta, dirigentes del movimiento corre\u00edstta Revoluci\u00f3n Ciudadana (RC) y Ra\u00fal Gonz\u00e1lez Carri\u00f3n, que fue designado superintendente de Bancos en el 2022. La ma\u00f1ana de este 4 de junio de 2025, en la Corte Nacional de [&hellip;]<\/p>\n","protected":false},"author":1,"featured_media":12726,"comment_status":"open","ping_status":"open","sticky":false,"template":"","format":"standard","meta":{"footnotes":""},"categories":[12],"tags":[],"_links":{"self":[{"href":"https:\/\/infozamoraec.com\/index.php\/wp-json\/wp\/v2\/posts\/12725"}],"collection":[{"href":"https:\/\/infozamoraec.com\/index.php\/wp-json\/wp\/v2\/posts"}],"about":[{"href":"https:\/\/infozamoraec.com\/index.php\/wp-json\/wp\/v2\/types\/post"}],"author":[{"embeddable":true,"href":"https:\/\/infozamoraec.com\/index.php\/wp-json\/wp\/v2\/users\/1"}],"replies":[{"embeddable":true,"href":"https:\/\/infozamoraec.com\/index.php\/wp-json\/wp\/v2\/comments?post=12725"}],"version-history":[{"count":2,"href":"https:\/\/infozamoraec.com\/index.php\/wp-json\/wp\/v2\/posts\/12725\/revisions"}],"predecessor-version":[{"id":12728,"href":"https:\/\/infozamoraec.com\/index.php\/wp-json\/wp\/v2\/posts\/12725\/revisions\/12728"}],"wp:featuredmedia":[{"embeddable":true,"href":"https:\/\/infozamoraec.com\/index.php\/wp-json\/wp\/v2\/media\/12726"}],"wp:attachment":[{"href":"https:\/\/infozamoraec.com\/index.php\/wp-json\/wp\/v2\/media?parent=12725"}],"wp:term":[{"taxonomy":"category","embeddable":true,"href":"https:\/\/infozamoraec.com\/index.php\/wp-json\/wp\/v2\/categories?post=12725"},{"taxonomy":"post_tag","embeddable":true,"href":"https:\/\/infozamoraec.com\/index.php\/wp-json\/wp\/v2\/tags?post=12725"}],"curies":[{"name":"wp","href":"https:\/\/api.w.org\/{rel}","templated":true}]}}