{"id":12722,"date":"2025-06-04T22:03:08","date_gmt":"2025-06-04T22:03:08","guid":{"rendered":"https:\/\/infozamoraec.com\/?p=12722"},"modified":"2025-06-04T22:27:34","modified_gmt":"2025-06-04T22:27:34","slug":"clemente-bravo-es-el-nuevo-presidente-del-congope","status":"publish","type":"post","link":"https:\/\/infozamoraec.com\/index.php\/2025\/06\/04\/clemente-bravo-es-el-nuevo-presidente-del-congope\/","title":{"rendered":"Clemente Bravo es el nuevo presidente del CONGOPE"},"content":{"rendered":"<p>El prefecto de El Oro, Clemente Bravo Riofr\u00edo, fue electo como nuevo presidente del Consorcio de Gobiernos Aut\u00f3nomos Descentralizados Provinciales del Ecuador (CONGOPE), organismo que agrupa y lidera la agenda nacional de las 23 prefecturas del pa\u00eds.<\/p>\n<p>Su designaci\u00f3n se dio en el marco de la Asamblea Ordinaria realizada este 3 de junio, en Quito, donde recibi\u00f3 el respaldo un\u00e1nime de sus colegas, quienes confiaron en su capacidad de liderazgo para fortalecer la institucionalidad provincial a escala nacional.<\/p>\n<p>Bravo ejercer\u00e1 este cargo hasta el a\u00f1o 2027 junto a Roberta Zambrano, prefecta de Esmeraldas, quien fue electa vicepresidenta.<\/p>\n<p>Durante su intervenci\u00f3n, el nuevo titular del CONGOPE agradeci\u00f3 la confianza depositada por sus colegas.<\/p>\n<p>Afirm\u00f3 que desde las provincias se puede transformar el pa\u00eds, impulsando la productividad, la innovaci\u00f3n y el bienestar de los ciudadanos en cada provincia, con enfoque territorial y humano.<\/p>\n<p>Se comprometi\u00f3 a liderar una gesti\u00f3n cercana, fortaleciendo el trabajo de las prefecturas, promoviendo el di\u00e1logo con el Gobierno y acompa\u00f1ando a sus colegas en los momentos importantes.<\/p>\n<p>\u201cEstoy convencido de que solo trabajando juntos, lograremos que el CONGOPE siga siendo un actor fundamental en la construcci\u00f3n de un Ecuador m\u00e1s pr\u00f3spero, equitativo y con mayores oportunidades para todos\u201d, destac\u00f3.<\/p>\n<p>El plan de trabajo para este nuevo periodo del CONGOPE concentra ocho enfoques estrat\u00e9gicos que buscan fortalecer el rol de las prefecturas en el desarrollo del pa\u00eds, con una gesti\u00f3n articulada, eficiente, inclusiva y basada en resultados.<\/p>\n<p>Entre los ejes destacan: la descentralizaci\u00f3n con reglas claras, el desarrollo desde las fortalezas locales, la resiliencia frente a riesgos y una econom\u00eda productiva e inclusiva que abra oportunidades reales en cada provincia.<\/p>\n<p>A ellos se suman: la \u00e9tica p\u00fablica y la gesti\u00f3n por resultados, la proyecci\u00f3n internacional con beneficios locales, la innovaci\u00f3n en la administraci\u00f3n p\u00fablica y el fortalecimiento del talento humano como base de toda transformaci\u00f3n.<\/p>\n","protected":false},"excerpt":{"rendered":"<p>El prefecto de El Oro, Clemente Bravo Riofr\u00edo, fue electo como nuevo presidente del Consorcio de Gobiernos Aut\u00f3nomos Descentralizados Provinciales del Ecuador (CONGOPE), organismo que agrupa y lidera la agenda nacional de las 23 prefecturas del pa\u00eds. Su designaci\u00f3n se dio en el marco de la Asamblea Ordinaria realizada este 3 de junio, en Quito, [&hellip;]<\/p>\n","protected":false},"author":1,"featured_media":12723,"comment_status":"open","ping_status":"open","sticky":false,"template":"","format":"standard","meta":{"footnotes":""},"categories":[12],"tags":[],"_links":{"self":[{"href":"https:\/\/infozamoraec.com\/index.php\/wp-json\/wp\/v2\/posts\/12722"}],"collection":[{"href":"https:\/\/infozamoraec.com\/index.php\/wp-json\/wp\/v2\/posts"}],"about":[{"href":"https:\/\/infozamoraec.com\/index.php\/wp-json\/wp\/v2\/types\/post"}],"author":[{"embeddable":true,"href":"https:\/\/infozamoraec.com\/index.php\/wp-json\/wp\/v2\/users\/1"}],"replies":[{"embeddable":true,"href":"https:\/\/infozamoraec.com\/index.php\/wp-json\/wp\/v2\/comments?post=12722"}],"version-history":[{"count":1,"href":"https:\/\/infozamoraec.com\/index.php\/wp-json\/wp\/v2\/posts\/12722\/revisions"}],"predecessor-version":[{"id":12724,"href":"https:\/\/infozamoraec.com\/index.php\/wp-json\/wp\/v2\/posts\/12722\/revisions\/12724"}],"wp:featuredmedia":[{"embeddable":true,"href":"https:\/\/infozamoraec.com\/index.php\/wp-json\/wp\/v2\/media\/12723"}],"wp:attachment":[{"href":"https:\/\/infozamoraec.com\/index.php\/wp-json\/wp\/v2\/media?parent=12722"}],"wp:term":[{"taxonomy":"category","embeddable":true,"href":"https:\/\/infozamoraec.com\/index.php\/wp-json\/wp\/v2\/categories?post=12722"},{"taxonomy":"post_tag","embeddable":true,"href":"https:\/\/infozamoraec.com\/index.php\/wp-json\/wp\/v2\/tags?post=12722"}],"curies":[{"name":"wp","href":"https:\/\/api.w.org\/{rel}","templated":true}]}}