{"id":12701,"date":"2025-06-04T21:28:26","date_gmt":"2025-06-04T21:28:26","guid":{"rendered":"https:\/\/infozamoraec.com\/?p=12701"},"modified":"2025-06-04T21:28:26","modified_gmt":"2025-06-04T21:28:26","slug":"comision-de-transparencia-define-hoja-de-ruta-2025-2027","status":"publish","type":"post","link":"https:\/\/infozamoraec.com\/index.php\/2025\/06\/04\/comision-de-transparencia-define-hoja-de-ruta-2025-2027\/","title":{"rendered":"Comisi\u00f3n de Transparencia define hoja de ruta 2025-2027"},"content":{"rendered":"<p>Con seis votos a favor, la\u00a0<strong><a title=\"\" href=\"https:\/\/www.larepublica.ec\/blog\/2025\/06\/03\/27-asambleistas-fueron-multados-con-usd-15863-por-ausentarse-de-la-sesion\/\" target=\"_blank\" rel=\"noopener\">Comisi\u00f3n de Transparencia, Participaci\u00f3n Ciudadana y Control Social<\/a><\/strong>\u00a0de la Asamblea Nacional, en Quito, acept\u00f3 este mi\u00e9rcoles, 4 de junio, su Plan de Trabajo para el per\u00edodo legislativo 2025-2027, basado en la informaci\u00f3n enviada por la\u00a0<a title=\"\" href=\"https:\/\/www.larepublica.ec\/blog\/2025\/06\/03\/27-asambleistas-fueron-multados-con-usd-15863-por-ausentarse-de-la-sesion\/\" target=\"_blank\" rel=\"noopener\"><strong>Secretar\u00eda General<\/strong>\u00a0<\/a>sobre los proyectos en tr\u00e1mite para primer o segundo debate, y los cuatro procesos de fiscalizaci\u00f3n asignados.<\/p>\n<p>El plan contempla continuar con el an\u00e1lisis en primer debate de dos iniciativas: la reforma a la\u00a0<strong>Ley del Consejo de Participaci\u00f3n Ciudadana y Control Social<\/strong>, y la\u00a0<strong>Ley para la Prevenci\u00f3n de Conflictos de Inter\u00e9s.<\/strong><\/p>\n<p>Ambos proyectos cuentan con una pr\u00f3rroga de 60 d\u00edas, seg\u00fan lo resuelto por el Pleno del Parlamento el pasado viernes, 30 de mayo. Actualmente, no hay leyes pendientes para segundo debate.<\/p>\n<p>El plan adem\u00e1s incluye la convocatoria a representantes de la sociedad civil, autoridades, gremios, colectivos y el sector acad\u00e9mico, con el fin de recoger sus aportes sobre los proyectos en curso y las nuevas propuestas que presenten los miembros de la comisi\u00f3n.<\/p>\n<figure class=\"wp-block-embed is-type-rich is-provider-twitter wp-block-embed-twitter\">\n<div class=\"wp-block-embed__wrapper\"><\/div>\n<\/figure>\n","protected":false},"excerpt":{"rendered":"<p>Con seis votos a favor, la\u00a0Comisi\u00f3n de Transparencia, Participaci\u00f3n Ciudadana y Control Social\u00a0de la Asamblea Nacional, en Quito, acept\u00f3 este mi\u00e9rcoles, 4 de junio, su Plan de Trabajo para el per\u00edodo legislativo 2025-2027, basado en la informaci\u00f3n enviada por la\u00a0Secretar\u00eda General\u00a0sobre los proyectos en tr\u00e1mite para primer o segundo debate, y los cuatro procesos de [&hellip;]<\/p>\n","protected":false},"author":1,"featured_media":12702,"comment_status":"open","ping_status":"open","sticky":false,"template":"","format":"standard","meta":{"footnotes":""},"categories":[12],"tags":[],"_links":{"self":[{"href":"https:\/\/infozamoraec.com\/index.php\/wp-json\/wp\/v2\/posts\/12701"}],"collection":[{"href":"https:\/\/infozamoraec.com\/index.php\/wp-json\/wp\/v2\/posts"}],"about":[{"href":"https:\/\/infozamoraec.com\/index.php\/wp-json\/wp\/v2\/types\/post"}],"author":[{"embeddable":true,"href":"https:\/\/infozamoraec.com\/index.php\/wp-json\/wp\/v2\/users\/1"}],"replies":[{"embeddable":true,"href":"https:\/\/infozamoraec.com\/index.php\/wp-json\/wp\/v2\/comments?post=12701"}],"version-history":[{"count":1,"href":"https:\/\/infozamoraec.com\/index.php\/wp-json\/wp\/v2\/posts\/12701\/revisions"}],"predecessor-version":[{"id":12703,"href":"https:\/\/infozamoraec.com\/index.php\/wp-json\/wp\/v2\/posts\/12701\/revisions\/12703"}],"wp:featuredmedia":[{"embeddable":true,"href":"https:\/\/infozamoraec.com\/index.php\/wp-json\/wp\/v2\/media\/12702"}],"wp:attachment":[{"href":"https:\/\/infozamoraec.com\/index.php\/wp-json\/wp\/v2\/media?parent=12701"}],"wp:term":[{"taxonomy":"category","embeddable":true,"href":"https:\/\/infozamoraec.com\/index.php\/wp-json\/wp\/v2\/categories?post=12701"},{"taxonomy":"post_tag","embeddable":true,"href":"https:\/\/infozamoraec.com\/index.php\/wp-json\/wp\/v2\/tags?post=12701"}],"curies":[{"name":"wp","href":"https:\/\/api.w.org\/{rel}","templated":true}]}}