{"id":12698,"date":"2025-06-04T21:26:34","date_gmt":"2025-06-04T21:26:34","guid":{"rendered":"https:\/\/infozamoraec.com\/?p=12698"},"modified":"2025-06-04T21:26:34","modified_gmt":"2025-06-04T21:26:34","slug":"olsen-a-27-asambleistas-multados-estas-medidas-son-molestosas-pero-necesarias","status":"publish","type":"post","link":"https:\/\/infozamoraec.com\/index.php\/2025\/06\/04\/olsen-a-27-asambleistas-multados-estas-medidas-son-molestosas-pero-necesarias\/","title":{"rendered":"Olsen a 27 asamble\u00edstas multados: \u00abEstas medidas son molestosas, pero necesarias\u00bb"},"content":{"rendered":"<p>El presidente del Legislativo,\u00a0<strong><a title=\"\" href=\"https:\/\/www.larepublica.ec\/blog\/2025\/06\/03\/27-asambleistas-fueron-multados-con-usd-15863-por-ausentarse-de-la-sesion\/\" target=\"_blank\" rel=\"noopener\">Niels Olsen<\/a><\/strong>, habl\u00f3 este mi\u00e9rcoles, 4 de junio, a las 08:40, v\u00eda X, sobre\u00a0<a title=\"\" href=\"https:\/\/www.larepublica.ec\/blog\/2025\/06\/03\/27-asambleistas-fueron-multados-con-usd-15863-por-ausentarse-de-la-sesion\/\" target=\"_blank\" rel=\"noopener\"><strong>los 27 asamble\u00edstas que fueron multados ayer con USD 158,63 en su salario por ausentarse a la sesi\u00f3n 007 del Pleno<\/strong><\/a>, en Quito, para debatir sobre las bases militares extranjeras en Ecuador.<\/p>\n<p>El Estado recaudar\u00e1 una totalidad de\u00a0<strong>USD 4,282.01<\/strong>\u00a0por las sanciones impuestas a los 27 parlamentarios faltones. Solo 124 de los 151 parlamentarios asistieron el pasado martes, 3 de junio, al Parlamento para cumplir con sus funciones, as\u00ed lo revel\u00f3 el informe de la<strong>\u00a0Secretar\u00eda General de la Asamblea<\/strong>\u00a0al iniciar la sesi\u00f3n.<\/p>\n<p>Hubo\u00a0<strong>14 asamble\u00edstas corre\u00edstas<\/strong>\u00a0que no se presentaron ayer, as\u00ed como\u00a0<strong>9 del oficialismo<\/strong>,\u00a0<strong>3 del Partido Social Cristiano (PSC6)<\/strong>, y<strong>\u00a0uno de Pachakutik.<\/strong><\/p>\n<h2 class=\"wp-block-heading\">Las sanciones van<\/h2>\n<p>Seg\u00fan\u00a0<strong><a title=\"\" href=\"https:\/\/www.larepublica.ec\/blog\/2025\/06\/03\/27-asambleistas-fueron-multados-con-usd-15863-por-ausentarse-de-la-sesion\/\" target=\"_blank\" rel=\"noopener\">Olsen<\/a><\/strong>,\u00a0<strong>\u00abSer puntual es una forma sencilla de mostrar respeto y compromiso. M\u00e1s de 20 asamble\u00edstas ser\u00e1n multados por atrasos y faltas injustificadas al Pleno de ayer, donde debatimos temas de seguridad para nuestro pa\u00eds\u00bb.<\/strong><\/p>\n<p><strong>\u00abFuimos elegidos para trabajar por el pa\u00eds, y parte de ese trabajo implica estar presentes, a tiempo, y ser el ejemplo que Ecuador necesita. Estas medidas son molestosas, pero necesarias porque las reglas existen para todos y lo justo es que se cumplan\u00bb,<\/strong>\u00a0coment\u00f3.<\/p>\n<p>El pasado viernes, 31 de mayo,\u00a0<strong><a href=\"https:\/\/www.larepublica.ec\/blog\/2025\/06\/02\/comision-de-seguridad-integral-priorizara-dos-proyectos-de-ley\/\" target=\"_blank\" rel=\"noopener\">Niels Olsen<\/a><\/strong>, presidente del Legislativo, anunci\u00f3 que a partir del pasado domingo, 1 de junio, las multas ser\u00e1n de\u00a0<strong>USD 55,52<\/strong>\u00a0por\u00a0<strong>tardanza<\/strong>\u00a0y\u00a0<strong>USD 158,63<\/strong>\u00a0por<strong>\u00a0ausencia injustificada<\/strong>,<strong>\u00a0descontadas del sueldo de los parlamentarios.<\/strong><\/p>\n<p><strong>Olsen<\/strong>\u00a0reiter\u00f3 que e<strong>l registro de asistencia ya no ser\u00e1 manual, sino electr\u00f3nico,<\/strong>\u00a0y se lo har\u00e1 desde su curul usando las laptos asignadas, lo que permitir\u00e1 controlar con precisi\u00f3n los\u00a0<strong>retrasos e inasistencias.<\/strong><\/p>\n<p>Esta medida busca incentivar la responsabilidad y la participaci\u00f3n activa de los asamble\u00edstas en las sesiones del Pleno, con el fin de fortalecer el rol de la Asamblea en favor del pa\u00eds.<\/p>\n<h2 class=\"wp-block-heading\">M\u00e1s multados<\/h2>\n<p>En ese misma l\u00ednea,\u00a0<strong>Samuel C\u00e9lleri<\/strong>, exasamble\u00edsta del PSC y actual aliado del oficialismo, falt\u00f3 ayer a la\u00a0<strong><a href=\"https:\/\/www.larepublica.ec\/blog\/2025\/06\/02\/comision-de-desarrollo-economico-inicia-analisis-de-ley-para-modernizar-gestion-publica\/\" target=\"_blank\" rel=\"noopener\">Comisi\u00f3n de Gobiernos Aut\u00f3nomos, Descentralizaci\u00f3n, Competencias y Organizaci\u00f3n Territorial<\/a><\/strong>\u00a0de la Asamblea Nacional, por lo que se le deducir\u00e1 USD 158,63 de su salario.<\/p>\n<p>Cabe destacar que, algunas asamble\u00edstas reelectas acumularon\u00a0<strong>USD 52.000<\/strong>\u00a0en sanciones por\u00a0<strong>impuntualidad o ausencias a las sesiones del Pleno del anterior Parlamento,<\/strong>\u00a0durante la legislatura comprendida entre\u00a0<strong>noviembre de 2023 y mayo de 2024<\/strong>, seg\u00fan inform\u00f3 el\u00a0<strong><a href=\"https:\/\/www.larepublica.ec\/blog\/2025\/06\/02\/comision-de-seguridad-integral-priorizara-dos-proyectos-de-ley\/\" target=\"_blank\" rel=\"noopener\">Observatorio Legislativo.<\/a><\/strong><\/p>\n<p>Las parlamentarias m\u00e1s sancionadas fueron las reelegidas por el oficialismo\u00a0<strong>Luc\u00eda Jaramillo, Nicole Saca y M\u00f3nica Salazar,\u00a0<\/strong>esta \u00faltima era asamble\u00edsta del corre\u00edsmo.<\/p>\n<p><em><strong>Nota por:\u00a0<a href=\"https:\/\/x.com\/bydavidfranco\" target=\"_blank\">David Josue Quispe Franco.<\/a><\/strong><\/em><\/p>\n","protected":false},"excerpt":{"rendered":"<p>El presidente del Legislativo,\u00a0Niels Olsen, habl\u00f3 este mi\u00e9rcoles, 4 de junio, a las 08:40, v\u00eda X, sobre\u00a0los 27 asamble\u00edstas que fueron multados ayer con USD 158,63 en su salario por ausentarse a la sesi\u00f3n 007 del Pleno, en Quito, para debatir sobre las bases militares extranjeras en Ecuador. El Estado recaudar\u00e1 una totalidad de\u00a0USD 4,282.01\u00a0por [&hellip;]<\/p>\n","protected":false},"author":1,"featured_media":12699,"comment_status":"open","ping_status":"open","sticky":false,"template":"","format":"standard","meta":{"footnotes":""},"categories":[12],"tags":[],"_links":{"self":[{"href":"https:\/\/infozamoraec.com\/index.php\/wp-json\/wp\/v2\/posts\/12698"}],"collection":[{"href":"https:\/\/infozamoraec.com\/index.php\/wp-json\/wp\/v2\/posts"}],"about":[{"href":"https:\/\/infozamoraec.com\/index.php\/wp-json\/wp\/v2\/types\/post"}],"author":[{"embeddable":true,"href":"https:\/\/infozamoraec.com\/index.php\/wp-json\/wp\/v2\/users\/1"}],"replies":[{"embeddable":true,"href":"https:\/\/infozamoraec.com\/index.php\/wp-json\/wp\/v2\/comments?post=12698"}],"version-history":[{"count":1,"href":"https:\/\/infozamoraec.com\/index.php\/wp-json\/wp\/v2\/posts\/12698\/revisions"}],"predecessor-version":[{"id":12700,"href":"https:\/\/infozamoraec.com\/index.php\/wp-json\/wp\/v2\/posts\/12698\/revisions\/12700"}],"wp:featuredmedia":[{"embeddable":true,"href":"https:\/\/infozamoraec.com\/index.php\/wp-json\/wp\/v2\/media\/12699"}],"wp:attachment":[{"href":"https:\/\/infozamoraec.com\/index.php\/wp-json\/wp\/v2\/media?parent=12698"}],"wp:term":[{"taxonomy":"category","embeddable":true,"href":"https:\/\/infozamoraec.com\/index.php\/wp-json\/wp\/v2\/categories?post=12698"},{"taxonomy":"post_tag","embeddable":true,"href":"https:\/\/infozamoraec.com\/index.php\/wp-json\/wp\/v2\/tags?post=12698"}],"curies":[{"name":"wp","href":"https:\/\/api.w.org\/{rel}","templated":true}]}}