{"id":12689,"date":"2025-06-04T01:46:47","date_gmt":"2025-06-04T01:46:47","guid":{"rendered":"https:\/\/infozamoraec.com\/?p=12689"},"modified":"2025-06-04T01:46:47","modified_gmt":"2025-06-04T01:46:47","slug":"asesinos-del-alcalde-de-portovelo-recibieron-mas-de-34-anos-de-carcel","status":"publish","type":"post","link":"https:\/\/infozamoraec.com\/index.php\/2025\/06\/04\/asesinos-del-alcalde-de-portovelo-recibieron-mas-de-34-anos-de-carcel\/","title":{"rendered":"Asesinos del alcalde de Portovelo recibieron m\u00e1s de 34 a\u00f1os de c\u00e1rcel"},"content":{"rendered":"<p>Carlos Jhonny M. P. y Andy Yair A. N. recibieron una sentencia de 34 a\u00f1os con 8 meses de c\u00e1rcel por el asesinato del alcalde del GAD Municipal del cant\u00f3n Portovelo, Jorge Maldonado, ocurrido la ma\u00f1ana del pasado 19 de abril de 2024.<\/p>\n<p>ASESINATO<\/p>\n<p>Con disparos en la cabeza, dos sicarios acabaron con la vida del alcalde de Portovelo. Allegados indicaron que la ma\u00f1ana del ataque, la principal autoridad de la ciudad, en su veh\u00edculo personal sali\u00f3 de su domicilio en la avenida El Artesano.<\/p>\n<p>El alcalde se dirigi\u00f3 hasta la ciudadela El Oro y decidi\u00f3 hacer una parada en una tienda para saludar a sus colaboradores.<\/p>\n<p>En ese instante llegaron dos sujetos, que se movilizaban en una motocicleta y el que estaba como acompa\u00f1ante sac\u00f3 de la cintura un arma de fuego y realiz\u00f3 tres disparos en contra de S\u00e1nchez para despu\u00e9s escapar.<\/p>\n<p>El alcalde presentaba heridas en la cabeza e inmediatamente los familiares los subieron al balde de una camioneta para trasladarlo hasta el centro de salud, donde los m\u00e9dicos solo confirmaron su muerte.<\/p>\n<p>CONDENADOS<\/p>\n<p>En la audiencia, el Fiscal especializado en Personas y Garant\u00edas que lleva la causa present\u00f3 los elementos de convicci\u00f3n en contra de los procesados.<\/p>\n<p>Los dos hombres fueron detenidos en Guayaquil, el 7 de junio de 2024, ya que exist\u00eda en su contra una orden de detenci\u00f3n con el fin de garantizar su comparecencia a la audiencia de formulaci\u00f3n de cargos, pues seg\u00fan las investigaciones participaron en el crimen.<\/p>\n<p>El Fiscal present\u00f3 entre los elementos de convicci\u00f3n: versiones, el informe de reconocimiento del lugar de los hechos y de evidencias, pericias de identidad humana y de audio, video y afines, el an\u00e1lisis telef\u00f3nico, entre otros.<\/p>\n<p>Seg\u00fan Fiscal\u00eda, a trav\u00e9s de la l\u00ednea 1-800 DELITO se conoci\u00f3 informaci\u00f3n como los nombres de los ahora procesados. Luego se practic\u00f3 la pericia de identidad humana, en la que se reconoci\u00f3 a la persona que dispar\u00f3, misma que aparece en los videos recabados por la Polic\u00eda.<\/p>\n<p>La hip\u00f3tesis que se maneja es que Maldonado fue asesinado por no pactar con bandas delictivas para actividades de miner\u00eda ilegal.<\/p>\n<p>Andy Yair A. N. y Carlos Jhonny M. P. fueron condenados a treinta y cuatro a\u00f1os y ocho meses de prisi\u00f3n por el asesinato de Jorge Maldonado. El fallo fue dictado por el Tribunal de Garant\u00edas Penales de El Oro.<\/p>\n<p>Adem\u00e1s de la pena privativa de libertad, los sentenciados deber\u00e1n pagar una multa de mil salarios b\u00e1sicos cada uno y una reparaci\u00f3n integral de 30 mil d\u00f3lares a los familiares del alcalde. El proceso fue judicializado por el delito de asesinato con agravantes, de acuerdo con el C\u00f3digo Org\u00e1nico Integral Penal.<\/p>\n","protected":false},"excerpt":{"rendered":"<p>Carlos Jhonny M. P. y Andy Yair A. N. recibieron una sentencia de 34 a\u00f1os con 8 meses de c\u00e1rcel por el asesinato del alcalde del GAD Municipal del cant\u00f3n Portovelo, Jorge Maldonado, ocurrido la ma\u00f1ana del pasado 19 de abril de 2024. ASESINATO Con disparos en la cabeza, dos sicarios acabaron con la vida [&hellip;]<\/p>\n","protected":false},"author":1,"featured_media":12690,"comment_status":"open","ping_status":"open","sticky":false,"template":"","format":"standard","meta":{"footnotes":""},"categories":[12],"tags":[],"_links":{"self":[{"href":"https:\/\/infozamoraec.com\/index.php\/wp-json\/wp\/v2\/posts\/12689"}],"collection":[{"href":"https:\/\/infozamoraec.com\/index.php\/wp-json\/wp\/v2\/posts"}],"about":[{"href":"https:\/\/infozamoraec.com\/index.php\/wp-json\/wp\/v2\/types\/post"}],"author":[{"embeddable":true,"href":"https:\/\/infozamoraec.com\/index.php\/wp-json\/wp\/v2\/users\/1"}],"replies":[{"embeddable":true,"href":"https:\/\/infozamoraec.com\/index.php\/wp-json\/wp\/v2\/comments?post=12689"}],"version-history":[{"count":1,"href":"https:\/\/infozamoraec.com\/index.php\/wp-json\/wp\/v2\/posts\/12689\/revisions"}],"predecessor-version":[{"id":12691,"href":"https:\/\/infozamoraec.com\/index.php\/wp-json\/wp\/v2\/posts\/12689\/revisions\/12691"}],"wp:featuredmedia":[{"embeddable":true,"href":"https:\/\/infozamoraec.com\/index.php\/wp-json\/wp\/v2\/media\/12690"}],"wp:attachment":[{"href":"https:\/\/infozamoraec.com\/index.php\/wp-json\/wp\/v2\/media?parent=12689"}],"wp:term":[{"taxonomy":"category","embeddable":true,"href":"https:\/\/infozamoraec.com\/index.php\/wp-json\/wp\/v2\/categories?post=12689"},{"taxonomy":"post_tag","embeddable":true,"href":"https:\/\/infozamoraec.com\/index.php\/wp-json\/wp\/v2\/tags?post=12689"}],"curies":[{"name":"wp","href":"https:\/\/api.w.org\/{rel}","templated":true}]}}