{"id":12680,"date":"2025-06-04T01:39:52","date_gmt":"2025-06-04T01:39:52","guid":{"rendered":"https:\/\/infozamoraec.com\/?p=12680"},"modified":"2025-06-04T01:39:52","modified_gmt":"2025-06-04T01:39:52","slug":"comision-de-justicia-priorizo-reformas-a-codigos-de-funcion-judicial-coip-democracia-y-coge","status":"publish","type":"post","link":"https:\/\/infozamoraec.com\/index.php\/2025\/06\/04\/comision-de-justicia-priorizo-reformas-a-codigos-de-funcion-judicial-coip-democracia-y-coge\/","title":{"rendered":"Comisi\u00f3n de Justicia prioriz\u00f3 reformas a c\u00f3digos de Funci\u00f3n Judicial, COIP, Democracia y COGE"},"content":{"rendered":"<p>Con el respaldo un\u00e1nime de 10 votos, la\u00a0<a title=\"\" href=\"https:\/\/www.larepublica.ec\/blog\/2025\/06\/03\/asamblea-dio-luz-verde-para-bases-extranjeras-en-ecuador\/\" target=\"_blank\" rel=\"noopener\"><strong>Comisi\u00f3n de Justicia y Estructura del Estado<\/strong>\u00a0<\/a>de la Asamblea Nacional, en Quito, acept\u00f3 este martes, 3 de junio, el Plan General de Trabajo presentado por su presidenta oficialista,\u00a0<strong><a title=\"\" href=\"https:\/\/www.larepublica.ec\/blog\/2025\/06\/03\/asamblea-dio-luz-verde-para-bases-extranjeras-en-ecuador\/\" target=\"_blank\" rel=\"noopener\">Rosie Torres<\/a><\/strong>, en cumplimiento del art\u00edculo 27 de la\u00a0<strong>Ley Org\u00e1nica de la Funci\u00f3n Legislativa (LOFL).<\/strong><\/p>\n<p>Durante la exposici\u00f3n de la propuesta,\u00a0<strong>Esteban Torres<\/strong>, otro parlamentario del oficialismo, explic\u00f3 que el plan tiene dos objetivos principales:\u00a0<strong>conocer el diagn\u00f3stico y situaci\u00f3n actual de los proyectos de ley pendientes asignados a la comisi\u00f3n, y planificar las actividades para el per\u00edodo legislativo 2025\u20132027.<\/strong><\/p>\n<p>Dentro de los 135 proyectos en tr\u00e1mite, se definieron cuatro \u00e1reas prioritarias: cinco propuestas de reforma al C\u00f3digo Org\u00e1nico de la Funci\u00f3n Judicial; 73 relacionadas con el C\u00f3digo Org\u00e1nico Integral Penal (COIP); 14 con el C\u00f3digo de la Democracia; y cinco con el C\u00f3digo Org\u00e1nico General de Procesos (COGEP).<\/p>\n<p>Se indic\u00f3 adem\u00e1s que las nuevas propuestas que presenten los legisladores actuales ser\u00e1n evaluadas seg\u00fan las prioridades previamente establecidas.<\/p>\n<p>El prop\u00f3sito general del plan es\u00a0<strong>fortalecer el sistema de justicia, asegurando su independencia, eficiencia y accesibilidad para todos<\/strong>, dentro del contexto de una necesaria reforma al marco legal que rige las instituciones judiciales.<\/p>\n<p>Tras la aprobaci\u00f3n del plan, la presidenta dispuso que la resoluci\u00f3n sea notificada a la Presidencia de la Asamblea Nacional y a la Secretar\u00eda General.<\/p>\n<h2 class=\"wp-block-heading\">Comisi\u00f3n de Justicia y Estructura del Estado<\/h2>\n<ol class=\"wp-block-list\">\n<li>Rosie Torres (P) ADN7<\/li>\n<li>Fernando Nantipia (VP) PK18<\/li>\n<li>Esteban Torres ADN7<\/li>\n<li>Kevin Gallardo ADN7<\/li>\n<li>Marco Olmedo ADN7<\/li>\n<li>Analise Jaramillo ADN7<\/li>\n<li>Nuvia Vega ADN7<\/li>\n<li>Cesar Gustavo Palacios RC5<\/li>\n<li>Gabriela Molina RC5<\/li>\n<li>Eliana Correa RC5<\/li>\n<\/ol>\n","protected":false},"excerpt":{"rendered":"<p>Con el respaldo un\u00e1nime de 10 votos, la\u00a0Comisi\u00f3n de Justicia y Estructura del Estado\u00a0de la Asamblea Nacional, en Quito, acept\u00f3 este martes, 3 de junio, el Plan General de Trabajo presentado por su presidenta oficialista,\u00a0Rosie Torres, en cumplimiento del art\u00edculo 27 de la\u00a0Ley Org\u00e1nica de la Funci\u00f3n Legislativa (LOFL). Durante la exposici\u00f3n de la propuesta,\u00a0Esteban [&hellip;]<\/p>\n","protected":false},"author":1,"featured_media":12681,"comment_status":"open","ping_status":"open","sticky":false,"template":"","format":"standard","meta":{"footnotes":""},"categories":[12],"tags":[],"_links":{"self":[{"href":"https:\/\/infozamoraec.com\/index.php\/wp-json\/wp\/v2\/posts\/12680"}],"collection":[{"href":"https:\/\/infozamoraec.com\/index.php\/wp-json\/wp\/v2\/posts"}],"about":[{"href":"https:\/\/infozamoraec.com\/index.php\/wp-json\/wp\/v2\/types\/post"}],"author":[{"embeddable":true,"href":"https:\/\/infozamoraec.com\/index.php\/wp-json\/wp\/v2\/users\/1"}],"replies":[{"embeddable":true,"href":"https:\/\/infozamoraec.com\/index.php\/wp-json\/wp\/v2\/comments?post=12680"}],"version-history":[{"count":1,"href":"https:\/\/infozamoraec.com\/index.php\/wp-json\/wp\/v2\/posts\/12680\/revisions"}],"predecessor-version":[{"id":12682,"href":"https:\/\/infozamoraec.com\/index.php\/wp-json\/wp\/v2\/posts\/12680\/revisions\/12682"}],"wp:featuredmedia":[{"embeddable":true,"href":"https:\/\/infozamoraec.com\/index.php\/wp-json\/wp\/v2\/media\/12681"}],"wp:attachment":[{"href":"https:\/\/infozamoraec.com\/index.php\/wp-json\/wp\/v2\/media?parent=12680"}],"wp:term":[{"taxonomy":"category","embeddable":true,"href":"https:\/\/infozamoraec.com\/index.php\/wp-json\/wp\/v2\/categories?post=12680"},{"taxonomy":"post_tag","embeddable":true,"href":"https:\/\/infozamoraec.com\/index.php\/wp-json\/wp\/v2\/tags?post=12680"}],"curies":[{"name":"wp","href":"https:\/\/api.w.org\/{rel}","templated":true}]}}