{"id":12677,"date":"2025-06-04T01:38:09","date_gmt":"2025-06-04T01:38:09","guid":{"rendered":"https:\/\/infozamoraec.com\/?p=12677"},"modified":"2025-06-04T01:38:09","modified_gmt":"2025-06-04T01:38:09","slug":"asamblea-elige-representante-principal-y-suplente-de-funcion-ejecutiva-al-iess","status":"publish","type":"post","link":"https:\/\/infozamoraec.com\/index.php\/2025\/06\/04\/asamblea-elige-representante-principal-y-suplente-de-funcion-ejecutiva-al-iess\/","title":{"rendered":"Asamblea elige representante principal y suplente de Funci\u00f3n Ejecutiva al IESS"},"content":{"rendered":"<p>Con 82 votos a favor y en base a la terna enviada por la\u00a0<strong><a title=\"\" href=\"https:\/\/www.larepublica.ec\/blog\/2025\/06\/03\/asamblea-dio-luz-verde-para-bases-extranjeras-en-ecuador\/\" target=\"_blank\" rel=\"noopener\">Secretar\u00eda General Jur\u00eddica de la Presidencia<\/a><\/strong>,\u00a0<strong><a title=\"\" href=\"https:\/\/www.larepublica.ec\/blog\/2025\/06\/03\/asamblea-dio-luz-verde-para-bases-extranjeras-en-ecuador\/\" target=\"_blank\" rel=\"noopener\">Edgar Lama<\/a><\/strong>\u00a0y\u00a0<strong><a title=\"\" href=\"https:\/\/www.larepublica.ec\/blog\/2025\/06\/03\/asamblea-dio-luz-verde-para-bases-extranjeras-en-ecuador\/\" target=\"_blank\" rel=\"noopener\">Mar\u00eda Espinoza,<\/a><\/strong>\u00a0fueron elegidos este martes, 3 de junio, en la Asamblea Nacional, en Quito, representante titular y suplente ante el\u00a0<strong><a title=\"\" href=\"https:\/\/www.larepublica.ec\/blog\/2025\/06\/03\/asamblea-dio-luz-verde-para-bases-extranjeras-en-ecuador\/\" target=\"_blank\" rel=\"noopener\">Consejo Directivo del Instituto Ecuatoriano de Seguridad Social (IESS),<\/a><\/strong>\u00a0en representaci\u00f3n de la Funci\u00f3n Ejecutiva.<\/p>\n<p>Esta designaci\u00f3n se realiz\u00f3 conforme a la reforma de la<strong>\u00a0Ley de Seguridad Social<\/strong>\u00a0publicada en el\u00a0<strong>Primer Suplemento del Registro Oficial N.\u00ba 605, el pasado lunes, 22 de julio de 2024.<\/strong><\/p>\n<p>La terna fue presentada conforme al\u00a0<strong>Decreto Ejecutivo N.\u00ba 18,<\/strong>\u00a0emitido el anterior viernes, 30 de mayo, y al literal c) del art\u00edculo 28 de dicha ley, que establece que el<strong>\u00a0Consejo Directivo del IESS<\/strong>\u00a0estar\u00e1 conformado de manera tripartita y equitativa.<\/p>\n<p>Es decir,\u00a0<strong>un representante de los asegurados, uno de los empleadores y otro de la Funci\u00f3n Ejecutiva<\/strong>, quien adem\u00e1s ejercer\u00e1 la presidencia del organismo. Cada vocal deber\u00e1 contar con un suplente que lo reemplace en caso de ausencia.<\/p>\n<p>Con esta decisi\u00f3n, el\u00a0<strong>Consejo Directivo del IESS<\/strong>\u00a0queda integrado por\u00a0<strong>Jos\u00e9<\/strong>\u00a0<strong>Lama,<\/strong>\u00a0en representaci\u00f3n del Ejecutivo y como presidente;\u00a0<strong>Mar\u00eda de los \u00c1ngeles Rodr\u00edguez<\/strong>, por el sector empleador; y\u00a0<strong>Richard G\u00f3mez,<\/strong>\u00a0en representaci\u00f3n de los asegurados.<\/p>\n<h2 class=\"wp-block-heading\">Designaciones<\/h2>\n<p>El representante del Ejecutivo fue elegido a partir de una terna enviada por el presidente reelecto,\u00a0<strong>Daniel Noboa,\u00a0<\/strong>y la Asamblea Nacional deb\u00eda pronunciarse sobre la designaci\u00f3n en un plazo m\u00e1ximo de\u00a0<strong>quince d\u00edas tras su recepci\u00f3n.<\/strong><\/p>\n<p>El cargo tendr\u00e1<strong>\u00a0una duraci\u00f3n de cuatro a\u00f1os y podr\u00e1 renovarse una vez<\/strong>, ya sea de forma consecutiva o alterna.<\/p>\n<p>La terna tambi\u00e9n inclu\u00eda a\u00a0<strong>Catalina Ayala\u00a0<\/strong>y<strong>\u00a0Robert Samaniego<\/strong>\u00a0como aspirantes a vocal titular, y a\u00a0<strong>Carlos Falcon\u00ed<\/strong>\u00a0y\u00a0<strong>Esthela Columba<\/strong>\u00a0como postulantes a suplentes.<\/p>\n<p>Durante la sesi\u00f3n, el asamble\u00edsta\u00a0<strong>Andr\u00e9s Guschmer<\/strong>, proponente de la moci\u00f3n, resalt\u00f3 que todos los candidatos poseen credenciales profesionales destacadas, una trayectoria s\u00f3lida y un compromiso genuino con el pa\u00eds.<\/p>\n<figure class=\"wp-block-embed is-type-rich is-provider-twitter wp-block-embed-twitter\">\n<div class=\"wp-block-embed__wrapper\"><\/div>\n<\/figure>\n","protected":false},"excerpt":{"rendered":"<p>Con 82 votos a favor y en base a la terna enviada por la\u00a0Secretar\u00eda General Jur\u00eddica de la Presidencia,\u00a0Edgar Lama\u00a0y\u00a0Mar\u00eda Espinoza,\u00a0fueron elegidos este martes, 3 de junio, en la Asamblea Nacional, en Quito, representante titular y suplente ante el\u00a0Consejo Directivo del Instituto Ecuatoriano de Seguridad Social (IESS),\u00a0en representaci\u00f3n de la Funci\u00f3n Ejecutiva. Esta designaci\u00f3n se [&hellip;]<\/p>\n","protected":false},"author":1,"featured_media":12678,"comment_status":"open","ping_status":"open","sticky":false,"template":"","format":"standard","meta":{"footnotes":""},"categories":[12],"tags":[],"_links":{"self":[{"href":"https:\/\/infozamoraec.com\/index.php\/wp-json\/wp\/v2\/posts\/12677"}],"collection":[{"href":"https:\/\/infozamoraec.com\/index.php\/wp-json\/wp\/v2\/posts"}],"about":[{"href":"https:\/\/infozamoraec.com\/index.php\/wp-json\/wp\/v2\/types\/post"}],"author":[{"embeddable":true,"href":"https:\/\/infozamoraec.com\/index.php\/wp-json\/wp\/v2\/users\/1"}],"replies":[{"embeddable":true,"href":"https:\/\/infozamoraec.com\/index.php\/wp-json\/wp\/v2\/comments?post=12677"}],"version-history":[{"count":1,"href":"https:\/\/infozamoraec.com\/index.php\/wp-json\/wp\/v2\/posts\/12677\/revisions"}],"predecessor-version":[{"id":12679,"href":"https:\/\/infozamoraec.com\/index.php\/wp-json\/wp\/v2\/posts\/12677\/revisions\/12679"}],"wp:featuredmedia":[{"embeddable":true,"href":"https:\/\/infozamoraec.com\/index.php\/wp-json\/wp\/v2\/media\/12678"}],"wp:attachment":[{"href":"https:\/\/infozamoraec.com\/index.php\/wp-json\/wp\/v2\/media?parent=12677"}],"wp:term":[{"taxonomy":"category","embeddable":true,"href":"https:\/\/infozamoraec.com\/index.php\/wp-json\/wp\/v2\/categories?post=12677"},{"taxonomy":"post_tag","embeddable":true,"href":"https:\/\/infozamoraec.com\/index.php\/wp-json\/wp\/v2\/tags?post=12677"}],"curies":[{"name":"wp","href":"https:\/\/api.w.org\/{rel}","templated":true}]}}