{"id":12661,"date":"2025-06-04T00:27:59","date_gmt":"2025-06-04T00:27:59","guid":{"rendered":"https:\/\/infozamoraec.com\/?p=12661"},"modified":"2025-06-04T00:31:39","modified_gmt":"2025-06-04T00:31:39","slug":"transformando-el-futuro-innovacion-y-sostenibilidad-desde-la-academia","status":"publish","type":"post","link":"https:\/\/infozamoraec.com\/index.php\/2025\/06\/04\/transformando-el-futuro-innovacion-y-sostenibilidad-desde-la-academia\/","title":{"rendered":"El psicoterapeuta en Ecuador: desaf\u00edos, compromiso y esperanza"},"content":{"rendered":"<p>Cada 3 de junio se conmemora el D\u00eda del Psicoterapeuta en varios pa\u00edses de Am\u00e9rica Latina, con el objetivo de reconocer el trabajo de aquellos que contribuyen significativamente al bienestar emocional, social y mental de las personas. De acuerdo con la <strong>Federaci\u00f3n Latinoamericana de Psicoterapia (<\/strong><a href=\"https:\/\/flapsi.net\/\" target=\"_blank\" rel=\"noopener\"><strong>FLAPSI<\/strong><\/a><strong>)<\/strong>, la psicoterapia es una profesi\u00f3n con est\u00e1ndares internacionales de formaci\u00f3n que exige entrenamiento te\u00f3rico-pr\u00e1ctico, supervisi\u00f3n cl\u00ednica y desarrollo personal.<\/p>\n<p>Sin embargo, en Ecuador, el ejercicio de la psicoterapia enfrenta desaf\u00edos estructurales. Seg\u00fan la <strong>Organizaci\u00f3n Mundial de la Salud (<\/strong><a href=\"https:\/\/www.who.int\/news-room\/fact-sheets\/detail\/mental-health-strengthening-our-response\" target=\"_blank\" rel=\"noopener\"><strong>OMS<\/strong><\/a><strong>) deber\u00eda haber al menos un profesional por cada 5.000 habitantes; sin embargo, el pa\u00eds cuenta con apenas 1.300 psic\u00f3logos cl\u00ednicos para una poblaci\u00f3n que supera los 17 millones.<\/strong> Patricia Pitta, coordinadora de la Maestr\u00eda en Psicoterapia de la UISEK, advierte que uno de los retos m\u00e1s urgentes es integrar la psicoterapia basada en evidencia, a un sistema de salud fragmentado y con escasa cobertura en salud mental, por lo que se\u00f1ala que \u201c<em>es un reto t\u00e9cnico, pero tambi\u00e9n profundamente humano: estar disponibles, desde la empat\u00eda y la \u00e9tica, para una sociedad que necesita ser escuchada y acompa\u00f1ada<\/em>\u201d.<\/p>\n<p>En los \u00faltimos a\u00f1os, factores como el desempleo, la violencia, la migraci\u00f3n o la inseguridad han desgastado emocionalmente a muchas personas, mientras que las nuevas generaciones muestran mayor apertura hacia el autocuidado. Frente a esto, Pitta enfatiza que a\u00fan quedan muchas barreras que derribar para que el acceso a la terapia no sea una opci\u00f3n limitada, sino un derecho garantizado. Asimismo, advierte que \u201c<em>cuando una sociedad normaliza el malestar como parte inevitable de la vida, corre el riesgo de apagar sus propias alarmas internas<\/em>\u201d.<\/p>\n<p>Por ello, desde su rol como formadora de futuros psicoterapeutas, Patricia identifica el papel clave que tiene la academia para combatir el estigma que a\u00fan persiste en torno a la terapia pues \u201c<em>todav\u00eda hay quienes piensan que ir al psic\u00f3logo es para d\u00e9biles o para locos. Desde la universidad debemos transformar esa mirada, formando profesionales t\u00e9cnicamente s\u00f3lidos, pero tambi\u00e9n culturalmente emp\u00e1ticos, capaces de intervenir con sensibilidad en los distintos contextos<\/em>\u201d.<\/p>\n<p>En conclusi\u00f3n, la psicoterapia no solo acompa\u00f1a crisis; tambi\u00e9n ofrece caminos de sentido, resiliencia y transformaci\u00f3n. Cuidar la salud mental es un acto de dignidad y, quienes ejercen esta labor actualmente, son m\u00e1s necesarios que nunca.<\/p>\n","protected":false},"excerpt":{"rendered":"<p>Cada 3 de junio se conmemora el D\u00eda del Psicoterapeuta en varios pa\u00edses de Am\u00e9rica Latina, con el objetivo de reconocer el trabajo de aquellos que contribuyen significativamente al bienestar emocional, social y mental de las personas. De acuerdo con la Federaci\u00f3n Latinoamericana de Psicoterapia (FLAPSI), la psicoterapia es una profesi\u00f3n con est\u00e1ndares internacionales de [&hellip;]<\/p>\n","protected":false},"author":1,"featured_media":12666,"comment_status":"open","ping_status":"open","sticky":false,"template":"","format":"standard","meta":{"footnotes":""},"categories":[12],"tags":[],"_links":{"self":[{"href":"https:\/\/infozamoraec.com\/index.php\/wp-json\/wp\/v2\/posts\/12661"}],"collection":[{"href":"https:\/\/infozamoraec.com\/index.php\/wp-json\/wp\/v2\/posts"}],"about":[{"href":"https:\/\/infozamoraec.com\/index.php\/wp-json\/wp\/v2\/types\/post"}],"author":[{"embeddable":true,"href":"https:\/\/infozamoraec.com\/index.php\/wp-json\/wp\/v2\/users\/1"}],"replies":[{"embeddable":true,"href":"https:\/\/infozamoraec.com\/index.php\/wp-json\/wp\/v2\/comments?post=12661"}],"version-history":[{"count":4,"href":"https:\/\/infozamoraec.com\/index.php\/wp-json\/wp\/v2\/posts\/12661\/revisions"}],"predecessor-version":[{"id":12667,"href":"https:\/\/infozamoraec.com\/index.php\/wp-json\/wp\/v2\/posts\/12661\/revisions\/12667"}],"wp:featuredmedia":[{"embeddable":true,"href":"https:\/\/infozamoraec.com\/index.php\/wp-json\/wp\/v2\/media\/12666"}],"wp:attachment":[{"href":"https:\/\/infozamoraec.com\/index.php\/wp-json\/wp\/v2\/media?parent=12661"}],"wp:term":[{"taxonomy":"category","embeddable":true,"href":"https:\/\/infozamoraec.com\/index.php\/wp-json\/wp\/v2\/categories?post=12661"},{"taxonomy":"post_tag","embeddable":true,"href":"https:\/\/infozamoraec.com\/index.php\/wp-json\/wp\/v2\/tags?post=12661"}],"curies":[{"name":"wp","href":"https:\/\/api.w.org\/{rel}","templated":true}]}}