{"id":12655,"date":"2025-06-03T01:32:00","date_gmt":"2025-06-03T01:32:00","guid":{"rendered":"https:\/\/infozamoraec.com\/?p=12655"},"modified":"2025-06-03T01:32:00","modified_gmt":"2025-06-03T01:32:00","slug":"circulo-de-alias-fito-tuvo-movimientos-financieros-injustificados-por-24-millones-y-adquirio-bienes-por-13-millones-segun-gobierno","status":"publish","type":"post","link":"https:\/\/infozamoraec.com\/index.php\/2025\/06\/03\/circulo-de-alias-fito-tuvo-movimientos-financieros-injustificados-por-24-millones-y-adquirio-bienes-por-13-millones-segun-gobierno\/","title":{"rendered":"C\u00edrculo de alias \u2018Fito\u2019 tuvo movimientos financieros injustificados por $ 24 millones y adquiri\u00f3 bienes por $ 13 millones, seg\u00fan Gobierno"},"content":{"rendered":"<p>El ministro del Interior, John Reimberg, y el general de Polic\u00eda Pablo D\u00e1vila ofrecieron m\u00e1s detalles del caso de lavado de activos contra familiares relacionados con el cabecilla de Los Choneros, Adolfo Mac\u00edas, alias\u00a0<em>Fito<\/em>, dentro del operativo Centinela 6.<\/p>\n<p>En horas de la madrugada, Polic\u00eda y Fiscal\u00eda realizaron 33 allanamientos en 47 bienes inmuebles, incluyendo cuatro compa\u00f1\u00edas, en las provincias de Pichincha, Guayas y Manab\u00ed.<\/p>\n<p>Adem\u00e1s se retuvieron diez automotores y una motocicleta, que al igual que los bienes inmuebles, ser\u00e1n puestos a \u00f3rdenes de la Secretar\u00eda de Gesti\u00f3n Inmobiliaria para su custodia.<\/p>\n<p><strong>\u201cEs un golpe directo a la estructura econ\u00f3mica criminal de Jos\u00e9 Adolfo Mac\u00edas Villamar, alias\u00a0<em>Fito<\/em><\/strong>\u201d, dijo el ministro Reimberg en rueda de prensa.<\/p>\n<p>En este proceso corrobor\u00f3 que hay seis detenidos, quienes son miembros de la familia y cercanos al cabecilla.<\/p>\n<p><strong>Dijo que este es un golpe importante a estas estructuras criminales y lo calific\u00f3 de \u2018in\u00e9dito\u2019<\/strong>. \u201cQue ning\u00fan otro Gobierno se ha atrevido a hacer\u201d, agreg\u00f3.<\/p>\n<p>Esta intervenci\u00f3n, dijo, representa la lucha del Estado en contra de las mafias.<\/p>\n<p>En el operativo se intervinieron cuatro compa\u00f1\u00edas y fueron allanadas, entre esas una de bebidas no alcoh\u00f3licas, otra de transporte, adem\u00e1s de limpieza.<\/p>\n<p>Pablo D\u00e1vila, jefe policial a nivel nacional, dijo que\u00a0<em>Fito<\/em>\u00a0encabezaba una estructura y esquema societario para lavar activos dentro de su c\u00edrculo familiar en las tres provincias, producto de actividades criminales vinculadas al tr\u00e1fico de drogas, control de c\u00e1rcel, delincuencia organizada, tr\u00e1fico de armas y extorsiones.<\/p>\n<p>En la primera compa\u00f1\u00eda, dedicada a la venta de agua embotellada, figuraba como gerenta Inda P., esposa del ciudadano.<\/p>\n<p>Adem\u00e1s, una compa\u00f1\u00eda de transporte de carga pesada, cuya gerenta es la misma mujer y figuraba como presidente Jorge P., el hermano de ella.<\/p>\n<p>Otra compa\u00f1\u00eda tipo ferreter\u00eda estaba a nombre de la expareja de\u00a0<em>Fito<\/em>, Ver\u00f3nica B. Ella est\u00e1 recluida en la c\u00e1rcel. Adem\u00e1s estaba su hermano Jos\u00e9 B.<\/p>\n<p>Adem\u00e1s, otra compa\u00f1\u00eda de limpieza era usada por el grupo. Ah\u00ed, el presidente era Jandry M. V. y adem\u00e1s Ronald M. V., hermanos de alias\u00a0<em>Fito<\/em>. El segundo aparec\u00eda como gerente de la empresa.<\/p>\n<p>Reimberg agreg\u00f3 que los aprehendidos tendr\u00e1n la audiencia de formulaci\u00f3n de cargos en las pr\u00f3ximas horas.<\/p>\n<p>\u201cEstamos luchando contra estas mafias, estamos atr\u00e1s de ellos, vamos a ganar esta guerra, sin duda alguna, este es uno de los primeros grupos que van a caer en este combate\u201d, apunt\u00f3 y dijo que estar\u00e1n pendientes de los resultados de la audiencia.<\/p>\n<p>Con sus acciones delincuenciales, que se iniciaron en los a\u00f1os 90,\u00a0<strong>D\u00e1vila dijo que el patrimonio de la estructura habr\u00eda aumentado con la adquisici\u00f3n de bienes inmuebles y autos de alto valor que alcanzan los $ 13 millones\u00a0<\/strong>y adem\u00e1s se habr\u00edan generado movimientos inusuales e<strong>\u00a0injustificados por $ 24 millones<\/strong>, comprendidos entre 2016 y 2024.<\/p>\n<p>Reimberg advirti\u00f3 que seguir\u00e1n las indagaciones para continuar golpeando a otras estructuras criminales.<\/p>\n<p>Agreg\u00f3 que seguir\u00e1n en la b\u00fasqueda para dar con alias\u00a0<em>Fito<\/em>, quien permanece pr\u00f3fugo desde enero de 2024.<\/p>\n<p>\u201cDesarticular esto es muy importante porque hemos desarmado su estructura econ\u00f3mica; este era un tema que nadie quer\u00eda tocar, no quer\u00edan tener la valent\u00eda de hacer los allanamientos necesarios, este es un mensaje claro que estamos enviando no solamente a \u00e9l, es un mensaje que estamos mandando a todas las estructuras criminales\u201d, apunt\u00f3 Reimberg.<\/p>\n","protected":false},"excerpt":{"rendered":"<p>El ministro del Interior, John Reimberg, y el general de Polic\u00eda Pablo D\u00e1vila ofrecieron m\u00e1s detalles del caso de lavado de activos contra familiares relacionados con el cabecilla de Los Choneros, Adolfo Mac\u00edas, alias\u00a0Fito, dentro del operativo Centinela 6. En horas de la madrugada, Polic\u00eda y Fiscal\u00eda realizaron 33 allanamientos en 47 bienes inmuebles, incluyendo [&hellip;]<\/p>\n","protected":false},"author":1,"featured_media":12656,"comment_status":"open","ping_status":"open","sticky":false,"template":"","format":"standard","meta":{"footnotes":""},"categories":[12],"tags":[],"_links":{"self":[{"href":"https:\/\/infozamoraec.com\/index.php\/wp-json\/wp\/v2\/posts\/12655"}],"collection":[{"href":"https:\/\/infozamoraec.com\/index.php\/wp-json\/wp\/v2\/posts"}],"about":[{"href":"https:\/\/infozamoraec.com\/index.php\/wp-json\/wp\/v2\/types\/post"}],"author":[{"embeddable":true,"href":"https:\/\/infozamoraec.com\/index.php\/wp-json\/wp\/v2\/users\/1"}],"replies":[{"embeddable":true,"href":"https:\/\/infozamoraec.com\/index.php\/wp-json\/wp\/v2\/comments?post=12655"}],"version-history":[{"count":1,"href":"https:\/\/infozamoraec.com\/index.php\/wp-json\/wp\/v2\/posts\/12655\/revisions"}],"predecessor-version":[{"id":12657,"href":"https:\/\/infozamoraec.com\/index.php\/wp-json\/wp\/v2\/posts\/12655\/revisions\/12657"}],"wp:featuredmedia":[{"embeddable":true,"href":"https:\/\/infozamoraec.com\/index.php\/wp-json\/wp\/v2\/media\/12656"}],"wp:attachment":[{"href":"https:\/\/infozamoraec.com\/index.php\/wp-json\/wp\/v2\/media?parent=12655"}],"wp:term":[{"taxonomy":"category","embeddable":true,"href":"https:\/\/infozamoraec.com\/index.php\/wp-json\/wp\/v2\/categories?post=12655"},{"taxonomy":"post_tag","embeddable":true,"href":"https:\/\/infozamoraec.com\/index.php\/wp-json\/wp\/v2\/tags?post=12655"}],"curies":[{"name":"wp","href":"https:\/\/api.w.org\/{rel}","templated":true}]}}